{"id":500,"date":"2025-03-07T09:11:06","date_gmt":"2025-03-07T08:11:06","guid":{"rendered":"https:\/\/www.francoishardel.com\/?p=500"},"modified":"2025-11-19T22:04:31","modified_gmt":"2025-11-19T21:04:31","slug":"menbre-de-upp","status":"publish","type":"post","link":"https:\/\/www.francoishardel.com\/en\/menbre-de-upp\/","title":{"rendered":"L\u2019UPP : Un Cadre Professionnel pour des Projets de Qualit\u00e9"},"content":{"rendered":"[et_pb_section admin_label=\u00a0\u00bbsection\u00a0\u00bb]\n\t\t\t[et_pb_row admin_label=\u00a0\u00bbrow\u00a0\u00bb]\n\t\t\t\t[et_pb_column type=\u00a0\u00bb4_4&Prime;][et_pb_text admin_label=\u00a0\u00bbText\u00a0\u00bb]\n<figure class=\"wp-block-image aligncenter size-large is-resized wp-duotone-000000-abb8c3-1\"><img decoding=\"async\" src=\"https:\/\/www.upp.photo\/images\/logos\/logo.png?v=20240223\" alt=\"\" style=\"width:333px;height:auto\"\/><\/figure>\n\n\n\n<blockquote class=\"wp-block-quote is-layout-flow wp-block-quote-is-layout-flow\">\n<div class=\"wp-block-columns is-layout-flex wp-container-core-columns-is-layout-9d6595d7 wp-block-columns-is-layout-flex\">\n<div class=\"wp-block-column is-layout-flow wp-block-column-is-layout-flow\" style=\"flex-basis:100%\">\n<p class=\"has-text-align-center\">\u00catre photographe, c\u2019est bien plus qu\u2019appuyer sur un d\u00e9clencheur. C\u2019est penser une image, construire un regard, r\u00e9pondre \u00e0 une demande avec exigence et cr\u00e9ativit\u00e9. Pour exercer ce m\u00e9tier dans de bonnes conditions, il est essentiel d\u2019avoir des rep\u00e8res, des outils et un cadre structurant. L\u2019Union des Photographes Professionnels (UPP) accompagne les photographes dans cette d\u00e9marche en leur apportant des ressources pr\u00e9cieuses, tout en garantissant aux clients un service clair et professionnel.<\/p>\n<\/div>\n<\/div>\n<\/blockquote>\n\n\n\n<h2 class=\"wp-block-heading\">Un Appui pour une Pratique Responsable et Organis\u00e9e<\/h2>\n\n\n\n<h3 class=\"wp-block-heading\">Des outils concrets pour un travail bien d\u00e9fini<\/h3>\n\n\n\n<ul class=\"wp-block-list\">\n<li>L\u2019UPP met \u00e0 disposition de ses membres des mod\u00e8les de contrats, des conseils tarifaires et un accompagnement juridique. Cela permet de clarifier les engagements entre le photographe et son client, d\u2019assurer une collaboration fluide et de poser les bases d\u2019un travail bien encadr\u00e9.<\/li>\n\n\n\n<li>Adh\u00e9rer \u00e0 l\u2019UPP, c\u2019est aussi un gage de s\u00e9rieux. Les photographes membres s\u2019engagent \u00e0 suivre des bonnes pratiques, Ils garantissent ainsi un travail respectueux des attentes du client et des normes du m\u00e9tier.<\/li>\n<\/ul>\n\n\n\n<h2 class=\"wp-block-heading\">Un Soutien pour Valoriser la Cr\u00e9ation<\/h2>\n\n\n\n<h3 class=\"wp-block-heading\">Prot\u00e9ger et d\u00e9fendre la photographie comme un art et un m\u00e9tier<\/h3>\n\n\n\n<p>Dans un monde o\u00f9 l\u2019image circule partout et parfois sans cadre, il est essentiel de pr\u00e9server la valeur du travail photographique. L\u2019UPP sensibilise ses membres aux bonnes pratiques de diffusion et les accompagne face aux d\u00e9fis li\u00e9s aux droits d\u2019auteur. Cela garantit aux clients un travail original, r\u00e9alis\u00e9 avec int\u00e9grit\u00e9 et selon des principes clairs.<\/p>\n\n\n\n<h2 class=\"wp-block-heading\">Un R\u00e9seau pour Construire des Projets Solides<\/h2>\n\n\n\n<h3 class=\"wp-block-heading\">Apprendre, partager et \u00e9voluer dans une communaut\u00e9 de professionnels<\/h3>\n\n\n\n<p>\u00catre membre de l\u2019UPP, c\u2019est aussi faire partie d\u2019un r\u00e9seau o\u00f9 les \u00e9changes entre professionnels permettent d\u2019\u00e9voluer, d\u2019apprendre et de mieux structurer son activit\u00e9. Formations, \u00e9v\u00e9nements et conseils partag\u00e9s enrichissent la pratique et facilitent la mise en place de projets solides et bien construits.<\/p>\n\n\n\n<h2 class=\"wp-block-heading\">Une Relation de Confiance avec les Clients<\/h2>\n\n\n\n<h3 class=\"wp-block-heading\">Un cadre structurant pour une collaboration sereine<\/h3>\n\n\n\n<p>Un photographe membre de l\u2019UPP s\u2019appuie sur un cadre clair pour travailler avec ses clients : des conditions pr\u00e9cises, une organisation transparente et une approche professionnelle de la cr\u00e9ation d\u2019image. Cela permet d\u2019\u00e9tablir une relation de confiance et d\u2019assurer un r\u00e9sultat de qualit\u00e9, \u00e0 la hauteur des attentes.<\/p>\n\n\n\n<h2 class=\"wp-block-heading\">Plus qu\u2019une Association, un V\u00e9ritable Outil Professionnel<\/h2>\n\n\n\n<h3 class=\"wp-block-heading\">Un engagement pour la rigueur et l\u2019excellence<\/h3>\n\n\n\n<p>L\u2019UPP est bien plus qu\u2019une association : c\u2019est un levier essentiel pour les photographes qui souhaitent exercer leur m\u00e9tier avec rigueur et engagement. Pour les clients, c\u2019est aussi la garantie d\u2019un travail de qualit\u00e9, encadr\u00e9 par des professionnels conscients de leurs responsabilit\u00e9s.<\/p>\n\n\n\n<figure class=\"wp-block-image aligncenter size-large is-resized\"><img decoding=\"async\" src=\"https:\/\/www.upp.photo\/images\/logos\/logo.png?v=20240223\" alt=\"\" style=\"width:355px;height:auto\"\/><\/figure>\n\n\n\n<p><\/p>\n[\/et_pb_text][\/et_pb_column]\n\t\t\t[\/et_pb_row]\n\t\t[\/et_pb_section]","protected":false},"excerpt":{"rendered":"<p>\u00catre photographe, c\u2019est bien plus qu\u2019appuyer sur un d\u00e9clencheur. C\u2019est penser une image, construire un regard, r\u00e9pondre \u00e0 une demande avec exigence et cr\u00e9ativit\u00e9. Pour exercer ce m\u00e9tier dans de bonnes conditions, il est essentiel d\u2019avoir des rep\u00e8res, des outils et un cadre structurant. L\u2019Union des Photographes Professionnels (UPP) accompagne les photographes dans cette d\u00e9marche en leur apportant des ressources pr\u00e9cieuses, tout en garantissant aux clients un service clair et professionnel. Un Appui pour une Pratique Responsable et Organis\u00e9e Des outils concrets pour un travail bien d\u00e9fini L\u2019UPP met \u00e0 disposition de ses membres des mod\u00e8les de contrats, des conseils tarifaires et un accompagnement juridique. Cela permet de clarifier les engagements entre le photographe et son client, d\u2019assurer une collaboration fluide et de poser les bases d\u2019un travail bien encadr\u00e9. Adh\u00e9rer \u00e0 l\u2019UPP, c\u2019est aussi un gage de s\u00e9rieux. Les photographes membres s\u2019engagent \u00e0 suivre des bonnes pratiques, Ils garantissent ainsi un travail respectueux des attentes du client et des normes du m\u00e9tier. Un Soutien pour Valoriser la Cr\u00e9ation Prot\u00e9ger et d\u00e9fendre la photographie comme un art et un m\u00e9tier Dans un monde o\u00f9 l\u2019image circule partout et parfois sans cadre, il est essentiel de pr\u00e9server la valeur du travail [&hellip;]<\/p>\n","protected":false},"author":1,"featured_media":501,"comment_status":"closed","ping_status":"closed","sticky":false,"template":"","format":"standard","meta":{"_et_pb_use_builder":"on","_et_pb_old_content":"<!-- wp:image {\"width\":\"333px\",\"height\":\"auto\",\"sizeSlug\":\"large\",\"align\":\"center\",\"style\":{\"color\":{\"duotone\":[\"#000000\",\"#abb8c3\"]}}} -->\n<figure class=\"wp-block-image aligncenter size-large is-resized\"><img src=\"https:\/\/www.upp.photo\/images\/logos\/logo.png?v=20240223\" alt=\"\" style=\"width:333px;height:auto\"\/><\/figure>\n<!-- \/wp:image -->\n\n<!-- wp:quote -->\n<blockquote class=\"wp-block-quote\"><!-- wp:columns -->\n<div class=\"wp-block-columns\"><!-- wp:column {\"width\":\"100%\"} -->\n<div class=\"wp-block-column\" style=\"flex-basis:100%\"><!-- wp:paragraph {\"align\":\"center\",\"lock\":{\"move\":false,\"remove\":false}} -->\n<p class=\"has-text-align-center\">\u00catre photographe, c\u2019est bien plus qu\u2019appuyer sur un d\u00e9clencheur. C\u2019est penser une image, construire un regard, r\u00e9pondre \u00e0 une demande avec exigence et cr\u00e9ativit\u00e9. Pour exercer ce m\u00e9tier dans de bonnes conditions, il est essentiel d\u2019avoir des rep\u00e8res, des outils et un cadre structurant. L\u2019Union des Photographes Professionnels (UPP) accompagne les photographes dans cette d\u00e9marche en leur apportant des ressources pr\u00e9cieuses, tout en garantissant aux clients un service clair et professionnel.<\/p>\n<!-- \/wp:paragraph --><\/div>\n<!-- \/wp:column --><\/div>\n<!-- \/wp:columns --><\/blockquote>\n<!-- \/wp:quote -->\n\n<!-- wp:heading -->\n<h2 class=\"wp-block-heading\">Un Appui pour une Pratique Responsable et Organis\u00e9e<\/h2>\n<!-- \/wp:heading -->\n\n<!-- wp:heading {\"level\":3} -->\n<h3 class=\"wp-block-heading\">Des outils concrets pour un travail bien d\u00e9fini<\/h3>\n<!-- \/wp:heading -->\n\n<!-- wp:list -->\n<ul class=\"wp-block-list\"><!-- wp:list-item -->\n<li>L\u2019UPP met \u00e0 disposition de ses membres des mod\u00e8les de contrats, des conseils tarifaires et un accompagnement juridique. Cela permet de clarifier les engagements entre le photographe et son client, d\u2019assurer une collaboration fluide et de poser les bases d\u2019un travail bien encadr\u00e9.<\/li>\n<!-- \/wp:list-item -->\n\n<!-- wp:list-item -->\n<li>Adh\u00e9rer \u00e0 l\u2019UPP, c\u2019est aussi un gage de s\u00e9rieux. Les photographes membres s\u2019engagent \u00e0 suivre des bonnes pratiques, Ils garantissent ainsi un travail respectueux des attentes du client et des normes du m\u00e9tier.<\/li>\n<!-- \/wp:list-item --><\/ul>\n<!-- \/wp:list -->\n\n<!-- wp:heading -->\n<h2 class=\"wp-block-heading\">Un Soutien pour Valoriser la Cr\u00e9ation<\/h2>\n<!-- \/wp:heading -->\n\n<!-- wp:heading {\"level\":3} -->\n<h3 class=\"wp-block-heading\">Prot\u00e9ger et d\u00e9fendre la photographie comme un art et un m\u00e9tier<\/h3>\n<!-- \/wp:heading -->\n\n<!-- wp:paragraph -->\n<p>Dans un monde o\u00f9 l\u2019image circule partout et parfois sans cadre, il est essentiel de pr\u00e9server la valeur du travail photographique. L\u2019UPP sensibilise ses membres aux bonnes pratiques de diffusion et les accompagne face aux d\u00e9fis li\u00e9s aux droits d\u2019auteur. Cela garantit aux clients un travail original, r\u00e9alis\u00e9 avec int\u00e9grit\u00e9 et selon des principes clairs.<\/p>\n<!-- \/wp:paragraph -->\n\n<!-- wp:heading -->\n<h2 class=\"wp-block-heading\">Un R\u00e9seau pour Construire des Projets Solides<\/h2>\n<!-- \/wp:heading -->\n\n<!-- wp:heading {\"level\":3} -->\n<h3 class=\"wp-block-heading\">Apprendre, partager et \u00e9voluer dans une communaut\u00e9 de professionnels<\/h3>\n<!-- \/wp:heading -->\n\n<!-- wp:paragraph -->\n<p>\u00catre membre de l\u2019UPP, c\u2019est aussi faire partie d\u2019un r\u00e9seau o\u00f9 les \u00e9changes entre professionnels permettent d\u2019\u00e9voluer, d\u2019apprendre et de mieux structurer son activit\u00e9. Formations, \u00e9v\u00e9nements et conseils partag\u00e9s enrichissent la pratique et facilitent la mise en place de projets solides et bien construits.<\/p>\n<!-- \/wp:paragraph -->\n\n<!-- wp:heading -->\n<h2 class=\"wp-block-heading\">Une Relation de Confiance avec les Clients<\/h2>\n<!-- \/wp:heading -->\n\n<!-- wp:heading {\"level\":3} -->\n<h3 class=\"wp-block-heading\">Un cadre structurant pour une collaboration sereine<\/h3>\n<!-- \/wp:heading -->\n\n<!-- wp:paragraph -->\n<p>Un photographe membre de l\u2019UPP s\u2019appuie sur un cadre clair pour travailler avec ses clients : des conditions pr\u00e9cises, une organisation transparente et une approche professionnelle de la cr\u00e9ation d\u2019image. Cela permet d\u2019\u00e9tablir une relation de confiance et d\u2019assurer un r\u00e9sultat de qualit\u00e9, \u00e0 la hauteur des attentes.<\/p>\n<!-- \/wp:paragraph -->\n\n<!-- wp:heading -->\n<h2 class=\"wp-block-heading\">Plus qu\u2019une Association, un V\u00e9ritable Outil Professionnel<\/h2>\n<!-- \/wp:heading -->\n\n<!-- wp:heading {\"level\":3} -->\n<h3 class=\"wp-block-heading\">Un engagement pour la rigueur et l\u2019excellence<\/h3>\n<!-- \/wp:heading -->\n\n<!-- wp:paragraph -->\n<p>L\u2019UPP est bien plus qu\u2019une association : c\u2019est un levier essentiel pour les photographes qui souhaitent exercer leur m\u00e9tier avec rigueur et engagement. Pour les clients, c\u2019est aussi la garantie d\u2019un travail de qualit\u00e9, encadr\u00e9 par des professionnels conscients de leurs responsabilit\u00e9s.<\/p>\n<!-- \/wp:paragraph -->\n\n<!-- wp:image {\"width\":\"355px\",\"height\":\"auto\",\"sizeSlug\":\"large\",\"align\":\"center\"} -->\n<figure class=\"wp-block-image aligncenter size-large is-resized\"><img src=\"https:\/\/www.upp.photo\/images\/logos\/logo.png?v=20240223\" alt=\"\" style=\"width:355px;height:auto\"\/><\/figure>\n<!-- \/wp:image -->\n\n<!-- wp:paragraph -->\n<p><\/p>\n<!-- \/wp:paragraph -->","_et_gb_content_width":"","footnotes":""},"categories":[64],"tags":[72,70,74,69,75,67,73,71,68,66,65],"class_list":["post-500","post","type-post","status-publish","format-standard","has-post-thumbnail","hentry","category-photographie-perpeturel-memoire","tag-association-photographes","tag-cadre-professionnel-photo","tag-code-ethique-photographie","tag-droit-dauteur-photographie","tag-gestion-de-projet-photo","tag-photographe-professionnel","tag-protection-des-photographes","tag-reglementation-photographie","tag-statut-du-photographe","tag-union-des-photographes-professionnels","tag-upp"],"_links":{"self":[{"href":"https:\/\/www.francoishardel.com\/en\/wp-json\/wp\/v2\/posts\/500","targetHints":{"allow":["GET"]}}],"collection":[{"href":"https:\/\/www.francoishardel.com\/en\/wp-json\/wp\/v2\/posts"}],"about":[{"href":"https:\/\/www.francoishardel.com\/en\/wp-json\/wp\/v2\/types\/post"}],"author":[{"embeddable":true,"href":"https:\/\/www.francoishardel.com\/en\/wp-json\/wp\/v2\/users\/1"}],"replies":[{"embeddable":true,"href":"https:\/\/www.francoishardel.com\/en\/wp-json\/wp\/v2\/comments?post=500"}],"version-history":[{"count":11,"href":"https:\/\/www.francoishardel.com\/en\/wp-json\/wp\/v2\/posts\/500\/revisions"}],"predecessor-version":[{"id":843,"href":"https:\/\/www.francoishardel.com\/en\/wp-json\/wp\/v2\/posts\/500\/revisions\/843"}],"wp:featuredmedia":[{"embeddable":true,"href":"https:\/\/www.francoishardel.com\/en\/wp-json\/wp\/v2\/media\/501"}],"wp:attachment":[{"href":"https:\/\/www.francoishardel.com\/en\/wp-json\/wp\/v2\/media?parent=500"}],"wp:term":[{"taxonomy":"category","embeddable":true,"href":"https:\/\/www.francoishardel.com\/en\/wp-json\/wp\/v2\/categories?post=500"},{"taxonomy":"post_tag","embeddable":true,"href":"https:\/\/www.francoishardel.com\/en\/wp-json\/wp\/v2\/tags?post=500"}],"curies":[{"name":"wp","href":"https:\/\/api.w.org\/{rel}","templated":true}]}}