{"id":2052,"date":"2026-04-13T13:43:14","date_gmt":"2026-04-13T11:43:14","guid":{"rendered":"https:\/\/www.francoishardel.com\/?p=2052"},"modified":"2026-04-13T13:43:15","modified_gmt":"2026-04-13T11:43:15","slug":"landscape-perception-memory-photography","status":"publish","type":"post","link":"https:\/\/www.francoishardel.com\/en\/landscape-perception-memory-photography\/","title":{"rendered":"Mirror of the Soul, Photographier le paysage comme un seuil"},"content":{"rendered":"\n[et_pb_section fb_built=\u00a0\u00bb1&Prime; _builder_version=\u00a0\u00bb4.27.6&Prime; _module_preset=\u00a0\u00bbdefault\u00a0\u00bb global_colors_info=\u00a0\u00bb{}\u00a0\u00bb][et_pb_row _builder_version=\u00a0\u00bb4.27.6&Prime; _module_preset=\u00a0\u00bbdefault\u00a0\u00bb global_colors_info=\u00a0\u00bb{}\u00a0\u00bb][et_pb_column type=\u00a0\u00bb4_4&Prime; _builder_version=\u00a0\u00bb4.27.6&Prime; _module_preset=\u00a0\u00bbdefault\u00a0\u00bb global_colors_info=\u00a0\u00bb{}\u00a0\u00bb][et_pb_text _builder_version=\u00a0\u00bb4.27.6&Prime; _module_preset=\u00a0\u00bbdefault\u00a0\u00bb hover_enabled=\u00a0\u00bb0&Prime; global_colors_info=\u00a0\u00bb{}\u00a0\u00bb sticky_enabled=\u00a0\u00bb0&Prime;]<h3 style=\"text-align: center;\">Plan d\u2019eau des Agaures &#8211; Les Sables-d\u2019Olonne (Natura 2000)<\/h3>[\/et_pb_text][\/et_pb_column][\/et_pb_row][et_pb_row _builder_version=\u00a0\u00bb4.27.6&Prime; _module_preset=\u00a0\u00bbdefault\u00a0\u00bb global_colors_info=\u00a0\u00bb{}\u00a0\u00bb][et_pb_column type=\u00a0\u00bb4_4&Prime; _builder_version=\u00a0\u00bb4.27.6&Prime; _module_preset=\u00a0\u00bbdefault\u00a0\u00bb global_colors_info=\u00a0\u00bb{}\u00a0\u00bb][et_pb_text _builder_version=\u00a0\u00bb4.27.6&Prime; _module_preset=\u00a0\u00bbdefault\u00a0\u00bb global_colors_info=\u00a0\u00bb{}\u00a0\u00bb]<p data-start=\"471\" data-end=\"618\" style=\"text-align: center;\">Il existe des paysages qui ne se laissent pas simplement regarder.<br data-start=\"537\" data-end=\"540\" \/>Ils demandent un d\u00e9placement du regard \u2014 presque une disponibilit\u00e9 int\u00e9rieure.<\/p>\n<p data-start=\"620\" data-end=\"740\" style=\"text-align: center;\">Aux Agaures, dans cette zone humide class\u00e9e Natura 2000, l\u2019eau ne refl\u00e8te pas seulement le monde :<br data-start=\"718\" data-end=\"721\" \/>elle le transforme.<\/p>\n<p data-start=\"742\" data-end=\"866\" style=\"text-align: center;\">Ce que l\u2019on voit n\u2019est jamais stable.<br data-start=\"779\" data-end=\"782\" \/>Le ciel descend, les racines montent, et le paysage devient une pens\u00e9e en mouvement.<\/p>[\/et_pb_text][\/et_pb_column][\/et_pb_row][\/et_pb_section][et_pb_section fb_built=\u00a0\u00bb1&Prime; _builder_version=\u00a0\u00bb4.27.6&Prime; _module_preset=\u00a0\u00bbdefault\u00a0\u00bb global_colors_info=\u00a0\u00bb{}\u00a0\u00bb][et_pb_row column_structure=\u00a0\u00bb1_3,1_3,1_3&Prime; _builder_version=\u00a0\u00bb4.27.6&Prime; _module_preset=\u00a0\u00bbdefault\u00a0\u00bb global_colors_info=\u00a0\u00bb{}\u00a0\u00bb][et_pb_column type=\u00a0\u00bb1_3&Prime; _builder_version=\u00a0\u00bb4.27.6&Prime; _module_preset=\u00a0\u00bbdefault\u00a0\u00bb global_colors_info=\u00a0\u00bb{}\u00a0\u00bb][et_pb_text _builder_version=\u00a0\u00bb4.27.6&Prime; _module_preset=\u00a0\u00bbdefault\u00a0\u00bb global_colors_info=\u00a0\u00bb{}\u00a0\u00bb]<h2 style=\"text-align: justify;\">Le paysage comme miroir actif<\/h2>\n<p data-start=\"916\" data-end=\"1011\" style=\"text-align: justify;\">Dans cette s\u00e9rie, <em data-start=\"934\" data-end=\"954\">Mirror of the Soul<\/em>, le plan d\u2019eau agit comme un dispositif optique naturel.<\/p>\n<p data-start=\"1013\" data-end=\"1087\" style=\"text-align: justify;\">Il ne s\u2019agit pas d\u2019un simple reflet, mais d\u2019un ph\u00e9nom\u00e8ne plus complexe :<\/p>\n<ul data-start=\"1088\" data-end=\"1132\">\n<li data-start=\"1088\" data-end=\"1102\" style=\"text-align: justify;\">absorption<\/li>\n<li data-start=\"1103\" data-end=\"1118\">diffraction<\/li>\n<li data-start=\"1119\" data-end=\"1132\">inversion<\/li>\n<\/ul>\n<p data-start=\"1134\" data-end=\"1210\">Le paysage ne se donne plus comme une \u00e9vidence, mais comme une \u00e9nigme douce.<\/p>\n<p data-start=\"1212\" data-end=\"1305\" style=\"text-align: justify;\">Chaque image devient alors un espace de bascule \u2014 entre ce qui est vu et ce qui est ressenti.<\/p>[\/et_pb_text][\/et_pb_column][et_pb_column type=\u00a0\u00bb1_3&Prime; _builder_version=\u00a0\u00bb4.27.6&Prime; _module_preset=\u00a0\u00bbdefault\u00a0\u00bb global_colors_info=\u00a0\u00bb{}\u00a0\u00bb][et_pb_text _builder_version=\u00a0\u00bb4.27.6&Prime; _module_preset=\u00a0\u00bbdefault\u00a0\u00bb locked=\u00a0\u00bboff\u00a0\u00bb global_colors_info=\u00a0\u00bb{}\u00a0\u00bb]<h2 style=\"text-align: justify;\">Une exp\u00e9rience de perception<\/h2>\n<p data-start=\"1354\" data-end=\"1410\">Photographier ici, c\u2019est accepter de perdre ses rep\u00e8res.<\/p>\n<p data-start=\"1412\" data-end=\"1553\">Les lignes verticales vacillent.<br data-start=\"1444\" data-end=\"1447\" \/>Les profondeurs se m\u00e9langent.<br data-start=\"1476\" data-end=\"1479\" \/>Le regard cherche un point d\u2019ancrage\u2026 qu\u2019il ne trouve jamais compl\u00e8tement.<\/p>\n<p data-start=\"1555\" data-end=\"1623\">Et c\u2019est pr\u00e9cis\u00e9ment dans cette instabilit\u00e9 que l\u2019image prend forme.<\/p>\n<p data-start=\"1625\" data-end=\"1681\">Non pas comme une capture, mais comme une <strong data-start=\"1667\" data-end=\"1680\">travers\u00e9e<\/strong>.<\/p>\n<p>&nbsp;<\/p>[\/et_pb_text][\/et_pb_column][et_pb_column type=\u00a0\u00bb1_3&Prime; _builder_version=\u00a0\u00bb4.27.6&Prime; _module_preset=\u00a0\u00bbdefault\u00a0\u00bb global_colors_info=\u00a0\u00bb{}\u00a0\u00bb][et_pb_text _builder_version=\u00a0\u00bb4.27.6&Prime; _module_preset=\u00a0\u00bbdefault\u00a0\u00bb locked=\u00a0\u00bboff\u00a0\u00bb global_colors_info=\u00a0\u00bb{}\u00a0\u00bb]<h2 style=\"text-align: justify;\">Index de la s\u00e9rie<\/h2>\n<h3 data-start=\"1719\" data-end=\"1758\"><span role=\"text\"><strong data-start=\"1723\" data-end=\"1756\">MAS-AG-001 \u2014 Canop\u00e9e immerg\u00e9e<\/strong><\/span><\/h3>\n<p data-start=\"1759\" data-end=\"1885\">Un enchev\u00eatrement v\u00e9g\u00e9tal o\u00f9 les branches semblent se prolonger dans leur double liquide.<br data-start=\"1848\" data-end=\"1851\" \/>\u2192 immersion \/ origine \/ continuit\u00e9<\/p>\n<hr data-start=\"1887\" data-end=\"1890\" \/>\n<h3 data-start=\"1892\" data-end=\"1935\"><span role=\"text\"><strong data-start=\"1896\" data-end=\"1933\">MAS-AG-002 \u2014 R\u00e9flexion fragment\u00e9e<\/strong><\/span><\/h3>\n<p data-start=\"1936\" data-end=\"2048\">Une surface troubl\u00e9e o\u00f9 la lumi\u00e8re se disperse et recompose l\u2019espace.<br data-start=\"2005\" data-end=\"2008\" \/>\u2192 diffraction \/ instabilit\u00e9 \/ perception<\/p>\n<hr data-start=\"2050\" data-end=\"2053\" \/>\n<h3 data-start=\"2055\" data-end=\"2094\"><span role=\"text\"><strong data-start=\"2059\" data-end=\"2092\">MAS-AG-003 \u2014 Ligne de bascule<\/strong><\/span><\/h3>\n<p data-start=\"2095\" data-end=\"2193\">Un axe traverse l\u2019image et s\u00e9pare deux r\u00e9gimes du visible.<br data-start=\"2153\" data-end=\"2156\" \/>\u2192 seuil \/ tension \/ \u00e9quilibre fragile<\/p>\n<hr data-start=\"2195\" data-end=\"2198\" \/>\n<h3 data-start=\"2200\" data-end=\"2244\"><span role=\"text\"><strong data-start=\"2204\" data-end=\"2242\">MAS-AG-004 \u2014 Verticalit\u00e9 suspendue<\/strong><\/span><\/h3>\n<p data-start=\"2245\" data-end=\"2351\">Des formes dress\u00e9es dans un espace invers\u00e9, entre \u00e9l\u00e9vation et chute.<br data-start=\"2314\" data-end=\"2317\" \/>\u2192 gravit\u00e9 \/ inversion \/ suspension<\/p>\n<p>&nbsp;<\/p>[\/et_pb_text][\/et_pb_column][\/et_pb_row][et_pb_row column_structure=\u00a0\u00bb1_3,1_3,1_3&Prime; _builder_version=\u00a0\u00bb4.27.6&Prime; _module_preset=\u00a0\u00bbdefault\u00a0\u00bb global_colors_info=\u00a0\u00bb{}\u00a0\u00bb][et_pb_column type=\u00a0\u00bb1_3&Prime; _builder_version=\u00a0\u00bb4.27.6&Prime; _module_preset=\u00a0\u00bbdefault\u00a0\u00bb global_colors_info=\u00a0\u00bb{}\u00a0\u00bb][et_pb_text _builder_version=\u00a0\u00bb4.27.6&Prime; _module_preset=\u00a0\u00bbdefault\u00a0\u00bb global_colors_info=\u00a0\u00bb{}\u00a0\u00bb]<h2 style=\"text-align: justify;\">Photographier un territoire fragile<\/h2>\n<p data-start=\"2407\" data-end=\"2525\">Le site des Agaures est un espace prot\u00e9g\u00e9.<br data-start=\"2449\" data-end=\"2452\" \/>Un territoire o\u00f9 chaque intervention implique une attention particuli\u00e8re.<\/p>\n<p data-start=\"2527\" data-end=\"2634\">La photographie y devient une forme de pr\u00e9sence discr\u00e8te :<br data-start=\"2585\" data-end=\"2588\" \/>observer sans perturber, capter sans pr\u00e9lever.<\/p>\n<p data-start=\"2636\" data-end=\"2721\">C\u2019est aussi une mani\u00e8re de penser l\u2019image comme une <strong data-start=\"2688\" data-end=\"2720\">trace respectueuse du vivant<\/strong>.<\/p>\n<p>&nbsp;<\/p>[\/et_pb_text][\/et_pb_column][et_pb_column type=\u00a0\u00bb1_3&Prime; _builder_version=\u00a0\u00bb4.27.6&Prime; _module_preset=\u00a0\u00bbdefault\u00a0\u00bb global_colors_info=\u00a0\u00bb{}\u00a0\u00bb][et_pb_text _builder_version=\u00a0\u00bb4.27.6&Prime; _module_preset=\u00a0\u00bbdefault\u00a0\u00bb locked=\u00a0\u00bboff\u00a0\u00bb global_colors_info=\u00a0\u00bb{}\u00a0\u00bb]<h2 style=\"text-align: justify;\">De l\u2019image \u00e0 l\u2019espace<\/h2>\n<p data-start=\"2763\" data-end=\"2831\">Ces images ne sont pas seulement destin\u00e9es \u00e0 \u00eatre vues sur un \u00e9cran.<\/p>\n<p data-start=\"2833\" data-end=\"2877\">Elles trouvent leur pleine pr\u00e9sence dans :<\/p>\n<ul data-start=\"2878\" data-end=\"2983\">\n<li data-start=\"2878\" data-end=\"2908\">des tirages grands formats<\/li>\n<li data-start=\"2909\" data-end=\"2939\">des espaces architecturaux<\/li>\n<li data-start=\"2940\" data-end=\"2983\">des lieux d\u2019accueil ou de contemplation<\/li>\n<\/ul>\n<p data-start=\"2985\" data-end=\"3108\">Un hall d\u2019h\u00f4tel, une chambre, un espace d\u2019exposition \u2014<br data-start=\"3039\" data-end=\"3042\" \/>autant de lieux o\u00f9 l\u2019image peut prolonger l\u2019exp\u00e9rience du paysage.<\/p>\n<p>&nbsp;<\/p>\n<p>&nbsp;<\/p>[\/et_pb_text][\/et_pb_column][et_pb_column type=\u00a0\u00bb1_3&Prime; _builder_version=\u00a0\u00bb4.27.6&Prime; _module_preset=\u00a0\u00bbdefault\u00a0\u00bb global_colors_info=\u00a0\u00bb{}\u00a0\u00bb][et_pb_text _builder_version=\u00a0\u00bb4.27.6&Prime; _module_preset=\u00a0\u00bbdefault\u00a0\u00bb locked=\u00a0\u00bboff\u00a0\u00bb global_colors_info=\u00a0\u00bb{}\u00a0\u00bb]<h2 style=\"text-align: justify;\">Une \u00e9criture photographique<\/h2>\n<p data-start=\"3156\" data-end=\"3218\">Cette s\u00e9rie s\u2019inscrit dans une recherche plus large autour :<\/p>\n<ul data-start=\"3219\" data-end=\"3341\">\n<li data-start=\"3219\" data-end=\"3246\">de la lumi\u00e8re naturelle<\/li>\n<li data-start=\"3247\" data-end=\"3286\">des dispositifs optiques du paysage<\/li>\n<li data-start=\"3287\" data-end=\"3341\">des relations entre m\u00e9moire, perception et mati\u00e8re<\/li>\n<\/ul>\n<p data-start=\"3343\" data-end=\"3408\">La photographie y est envisag\u00e9e comme une forme d\u2019\u00e9criture lente.<\/p>\n<p data-start=\"3410\" data-end=\"3459\">Une \u00e9criture qui ne d\u00e9crit pas \u2014 mais qui r\u00e9v\u00e8le.<\/p>\n<p>&nbsp;<\/p>\n<p>&nbsp;<\/p>[\/et_pb_text][\/et_pb_column][\/et_pb_row][\/et_pb_section][et_pb_section fb_built=\u00a0\u00bb1&Prime; theme_builder_area=\u00a0\u00bbpost_content\u00a0\u00bb _builder_version=\u00a0\u00bb4.27.6&Prime; _module_preset=\u00a0\u00bbdefault\u00a0\u00bb][et_pb_row _builder_version=\u00a0\u00bb4.27.6&Prime; _module_preset=\u00a0\u00bbdefault\u00a0\u00bb theme_builder_area=\u00a0\u00bbpost_content\u00a0\u00bb][et_pb_column _builder_version=\u00a0\u00bb4.27.6&Prime; _module_preset=\u00a0\u00bbdefault\u00a0\u00bb type=\u00a0\u00bb4_4&Prime; theme_builder_area=\u00a0\u00bbpost_content\u00a0\u00bb][et_pb_gallery _builder_version=\u00a0\u00bb4.27.6&Prime; _module_preset=\u00a0\u00bbdefault\u00a0\u00bb theme_builder_area=\u00a0\u00bbpost_content\u00a0\u00bb gallery_ids=\u00a0\u00bb2061,2063,2062,2064&Prime; hover_enabled=\u00a0\u00bb0&Prime; sticky_enabled=\u00a0\u00bb0&Prime; show_title_and_caption=\u00a0\u00bboff\u00a0\u00bb][\/et_pb_gallery][\/et_pb_column][\/et_pb_row][\/et_pb_section][et_pb_section fb_built=\u00a0\u00bb1&Prime; _builder_version=\u00a0\u00bb4.27.6&Prime; _module_preset=\u00a0\u00bbdefault\u00a0\u00bb global_colors_info=\u00a0\u00bb{}\u00a0\u00bb][et_pb_row _builder_version=\u00a0\u00bb4.27.6&Prime; _module_preset=\u00a0\u00bbdefault\u00a0\u00bb global_colors_info=\u00a0\u00bb{}\u00a0\u00bb][et_pb_column type=\u00a0\u00bb4_4&Prime; _builder_version=\u00a0\u00bb4.27.6&Prime; _module_preset=\u00a0\u00bbdefault\u00a0\u00bb global_colors_info=\u00a0\u00bb{}\u00a0\u00bb][et_pb_text _builder_version=\u00a0\u00bb4.27.6&Prime; _module_preset=\u00a0\u00bbdefault\u00a0\u00bb global_colors_info=\u00a0\u00bb{}\u00a0\u00bb]<p data-start=\"3485\" data-end=\"3600\" style=\"text-align: center;\">Peut-\u00eatre que ces images ne montrent pas un paysage.<br data-start=\"3537\" data-end=\"3540\" \/>Peut-\u00eatre qu\u2019elles r\u00e9v\u00e8lent simplement une mani\u00e8re d\u2019y \u00eatre.<\/p>\n<p data-start=\"3602\" data-end=\"3677\" style=\"text-align: center;\">Un espace o\u00f9 le monde ext\u00e9rieur et le monde int\u00e9rieur cessent de s\u2019opposer.<\/p>[\/et_pb_text][\/et_pb_column][\/et_pb_row][\/et_pb_section][et_pb_section fb_built=\u00a0\u00bb1&Prime; _builder_version=\u00a0\u00bb4.27.6&Prime; _module_preset=\u00a0\u00bbdefault\u00a0\u00bb global_colors_info=\u00a0\u00bb{}\u00a0\u00bb][et_pb_row _builder_version=\u00a0\u00bb4.27.6&Prime; _module_preset=\u00a0\u00bbdefault\u00a0\u00bb global_colors_info=\u00a0\u00bb{}\u00a0\u00bb][et_pb_column type=\u00a0\u00bb4_4&Prime; _builder_version=\u00a0\u00bb4.27.6&Prime; _module_preset=\u00a0\u00bbdefault\u00a0\u00bb global_colors_info=\u00a0\u00bb{}\u00a0\u00bb][et_pb_text _builder_version=\u00a0\u00bb4.27.6&Prime; _module_preset=\u00a0\u00bbdefault\u00a0\u00bb global_colors_info=\u00a0\u00bb{}\u00a0\u00bb]<p data-start=\"3741\" data-end=\"3851\" style=\"text-align: center;\">Ce travail peut \u00eatre d\u00e9velopp\u00e9 dans d\u2019autres contextes :<br data-start=\"3797\" data-end=\"3800\" \/>paysages sp\u00e9cifiques, architectures, lieux habit\u00e9s.<\/p>\n<p data-start=\"3853\" data-end=\"3990\" style=\"text-align: center;\">Je r\u00e9alise des s\u00e9ries photographiques sur commande pour des espaces souhaitant inscrire leur identit\u00e9 dans une relation sensible au lieu.<\/p>\n<p data-start=\"3992\" data-end=\"4030\" style=\"text-align: center;\">&#x1f310; <a data-start=\"3995\" data-end=\"4017\" rel=\"noopener\" target=\"_new\" class=\"decorated-link\" href=\"http:\/\/www.francoishardel.com\">www.francoishardel.com<\/a><\/p>[\/et_pb_text][\/et_pb_column][\/et_pb_row][\/et_pb_section]\n","protected":false},"excerpt":{"rendered":"<p>Plan d\u2019eau des Agaures &#8211; Les Sables-d\u2019Olonne (Natura 2000)Il existe des paysages qui ne se laissent pas simplement regarder.Ils demandent un d\u00e9placement du regard \u2014 presque une disponibilit\u00e9 int\u00e9rieure. Aux Agaures, dans cette zone humide class\u00e9e Natura 2000, l\u2019eau ne refl\u00e8te pas seulement le monde :elle le transforme. Ce que l\u2019on voit n\u2019est jamais stable.Le ciel descend, les racines montent, et le paysage devient une pens\u00e9e en mouvement.Le paysage comme miroir actif Dans cette s\u00e9rie, Mirror of the Soul, le plan d\u2019eau agit comme un dispositif optique naturel. Il ne s\u2019agit pas d\u2019un simple reflet, mais d\u2019un ph\u00e9nom\u00e8ne plus complexe : absorption diffraction inversion Le paysage ne se donne plus comme une \u00e9vidence, mais comme une \u00e9nigme douce. Chaque image devient alors un espace de bascule \u2014 entre ce qui est vu et ce qui est ressenti.Une exp\u00e9rience de perception Photographier ici, c\u2019est accepter de perdre ses rep\u00e8res. Les lignes verticales vacillent.Les profondeurs se m\u00e9langent.Le regard cherche un point d\u2019ancrage\u2026 qu\u2019il ne trouve jamais compl\u00e8tement. Et c\u2019est pr\u00e9cis\u00e9ment dans cette instabilit\u00e9 que l\u2019image prend forme. Non pas comme une capture, mais comme une travers\u00e9e. &nbsp;Index de la s\u00e9rie MAS-AG-001 \u2014 Canop\u00e9e immerg\u00e9e Un enchev\u00eatrement v\u00e9g\u00e9tal o\u00f9 les branches semblent se [&hellip;]<\/p>\n","protected":false},"author":1,"featured_media":2065,"comment_status":"open","ping_status":"open","sticky":false,"template":"","format":"standard","meta":{"_et_pb_use_builder":"on","_et_pb_old_content":"","_et_gb_content_width":"","footnotes":""},"categories":[59,1],"tags":[322,314,319,316,320,276,244,315,307,318,323,305,311,240,312,303,241,317,313,309,324,321,310,304,308,306],"class_list":["post-2052","post","type-post","status-publish","format-standard","has-post-thumbnail","hentry","category-photographie-et-memoire-temoignage-visuel-photographie-argentique-et-souvenirs-memoire-et-image-photographie-de-voyage-souvenirs-en-photographie-heritage-visuel-art-de-vivre-en-image-photograp","category-photographie_art","tag-archive-visuelle","tag-artiste-photographe","tag-diffusion-de-la-lumiere","tag-ecologie-et-photographie","tag-espace-et-regard","tag-les-sables-dolonne","tag-lumiere-naturelle","tag-memoire-du-paysage","tag-natura-2000","tag-paysage-et-perception","tag-paysage-interieur","tag-paysage-sensible","tag-perception-visuelle","tag-photographie-artistique","tag-photographie-conceptuelle","tag-photographie-contemporaine","tag-photographie-de-paysage","tag-photographie-du-vivant","tag-photographie-dauteur","tag-photographie-environnementale","tag-photographie-et-territoire","tag-photographie-francaise","tag-reflet-eau","tag-territoire-et-memoire","tag-vendee","tag-zone-humide"],"_links":{"self":[{"href":"https:\/\/www.francoishardel.com\/en\/wp-json\/wp\/v2\/posts\/2052","targetHints":{"allow":["GET"]}}],"collection":[{"href":"https:\/\/www.francoishardel.com\/en\/wp-json\/wp\/v2\/posts"}],"about":[{"href":"https:\/\/www.francoishardel.com\/en\/wp-json\/wp\/v2\/types\/post"}],"author":[{"embeddable":true,"href":"https:\/\/www.francoishardel.com\/en\/wp-json\/wp\/v2\/users\/1"}],"replies":[{"embeddable":true,"href":"https:\/\/www.francoishardel.com\/en\/wp-json\/wp\/v2\/comments?post=2052"}],"version-history":[{"count":8,"href":"https:\/\/www.francoishardel.com\/en\/wp-json\/wp\/v2\/posts\/2052\/revisions"}],"predecessor-version":[{"id":2071,"href":"https:\/\/www.francoishardel.com\/en\/wp-json\/wp\/v2\/posts\/2052\/revisions\/2071"}],"wp:featuredmedia":[{"embeddable":true,"href":"https:\/\/www.francoishardel.com\/en\/wp-json\/wp\/v2\/media\/2065"}],"wp:attachment":[{"href":"https:\/\/www.francoishardel.com\/en\/wp-json\/wp\/v2\/media?parent=2052"}],"wp:term":[{"taxonomy":"category","embeddable":true,"href":"https:\/\/www.francoishardel.com\/en\/wp-json\/wp\/v2\/categories?post=2052"},{"taxonomy":"post_tag","embeddable":true,"href":"https:\/\/www.francoishardel.com\/en\/wp-json\/wp\/v2\/tags?post=2052"}],"curies":[{"name":"wp","href":"https:\/\/api.w.org\/{rel}","templated":true}]}}