{"id":1954,"date":"2026-03-19T10:17:24","date_gmt":"2026-03-19T09:17:24","guid":{"rendered":"https:\/\/www.francoishardel.com\/?p=1954"},"modified":"2026-03-19T16:55:24","modified_gmt":"2026-03-19T15:55:24","slug":"la-tour-d-arundel-sentinelles-des-sables-dolonne","status":"publish","type":"post","link":"https:\/\/www.francoishardel.com\/en\/la-tour-d-arundel-sentinelles-des-sables-dolonne\/","title":{"rendered":"La Sentinelle des Sables d&rsquo;Olonne: La Tour d&rsquo; Arundel"},"content":{"rendered":"<p>[et_pb_section fb_built=\u00a0\u00bb1&Prime; _builder_version=\u00a0\u00bb4.27.6&Prime; _module_preset=\u00a0\u00bbdefault\u00a0\u00bb custom_padding=\u00a0\u00bb51px|||||\u00a0\u00bb global_colors_info=\u00a0\u00bb{}\u00a0\u00bb][et_pb_row _builder_version=\u00a0\u00bb4.27.6&Prime; _module_preset=\u00a0\u00bbdefault\u00a0\u00bb global_colors_info=\u00a0\u00bb{}\u00a0\u00bb][et_pb_column type=\u00a0\u00bb4_4&Prime; _builder_version=\u00a0\u00bb4.27.6&Prime; _module_preset=\u00a0\u00bbdefault\u00a0\u00bb global_colors_info=\u00a0\u00bb{}\u00a0\u00bb][et_pb_text _builder_version=\u00a0\u00bb4.27.6&Prime; _module_preset=\u00a0\u00bbdefault\u00a0\u00bb global_colors_info=\u00a0\u00bb{}\u00a0\u00bb]<\/p>\n<h2 style=\"text-align: justify;\">La Tour d\u2019Arundel veille depuis des si\u00e8cles \u00e0 l\u2019entr\u00e9e du port des Sables-d\u2019Olonne.<\/h2>\n<p>[\/et_pb_text][\/et_pb_column][\/et_pb_row][et_pb_row column_structure=\u00a0\u00bb1_2,1_2&Prime; _builder_version=\u00a0\u00bb4.27.6&Prime; _module_preset=\u00a0\u00bbdefault\u00a0\u00bb global_colors_info=\u00a0\u00bb{}\u00a0\u00bb][et_pb_column type=\u00a0\u00bb1_2&Prime; _builder_version=\u00a0\u00bb4.27.6&Prime; _module_preset=\u00a0\u00bbdefault\u00a0\u00bb global_colors_info=\u00a0\u00bb{}\u00a0\u00bb][et_pb_text _builder_version=\u00a0\u00bb4.27.6&Prime; _module_preset=\u00a0\u00bbdefault\u00a0\u00bb custom_padding=\u00a0\u00bb||0px|||\u00a0\u00bb global_colors_info=\u00a0\u00bb{}\u00a0\u00bb]<\/p>\n<h3 style=\"text-align: justify;\"><strong>ORIGINE ET SURVEILLANCE<\/strong><\/h3>\n<p style=\"text-align: justify;\">Vestige du ch\u00e2teau de la Chaume, \u00e9galement connu sous le nom de ch\u00e2teau Saint-Clair, elle s\u2019inscrit dans une histoire d\u00e9fensive remontant \u00e0 la fin du XVe si\u00e8cle. Situ\u00e9e \u00e0 un point strat\u00e9gique, elle permettait de surveiller l\u2019acc\u00e8s maritime et de prot\u00e9ger l\u2019entr\u00e9e du port.<\/p>\n<p>[\/et_pb_text][\/et_pb_column][et_pb_column type=\u00a0\u00bb1_2&Prime; _builder_version=\u00a0\u00bb4.27.6&Prime; _module_preset=\u00a0\u00bbdefault\u00a0\u00bb global_colors_info=\u00a0\u00bb{}\u00a0\u00bb][et_pb_text _builder_version=\u00a0\u00bb4.27.6&Prime; _module_preset=\u00a0\u00bbdefault\u00a0\u00bb custom_padding=\u00a0\u00bb3px|||||\u00a0\u00bb global_colors_info=\u00a0\u00bb{}\u00a0\u00bb]<\/p>\n<h3 style=\"text-align: left;\"><strong>MUTATION ET SIGNAL<\/strong><\/h3>\n<p style=\"text-align: justify;\">Au fil du temps, la tour a connu plusieurs transformations. D\u00e9mantel\u00e9e \u00e0 la fin du XVIIe si\u00e8cle, elle est progressivement r\u00e9investie dans une fonction de signalisation. Elle devient alors un amer, puis un phare, accompagnant l\u2019\u00e9volution des dispositifs de navigation et des besoins maritimes.<\/p>\n<p>[\/et_pb_text][\/et_pb_column][\/et_pb_row][et_pb_row _builder_version=\u00a0\u00bb4.27.6&Prime; _module_preset=\u00a0\u00bbdefault\u00a0\u00bb global_colors_info=\u00a0\u00bb{}\u00a0\u00bb][et_pb_column type=\u00a0\u00bb4_4&Prime; _builder_version=\u00a0\u00bb4.27.6&Prime; _module_preset=\u00a0\u00bbdefault\u00a0\u00bb global_colors_info=\u00a0\u00bb{}\u00a0\u00bb][et_pb_gallery gallery_ids=\u00a0\u00bb1980,1967&Prime; fullwidth=\u00a0\u00bbon\u00a0\u00bb _builder_version=\u00a0\u00bb4.27.6&Prime; _module_preset=\u00a0\u00bbdefault\u00a0\u00bb global_colors_info=\u00a0\u00bb{}\u00a0\u00bb][\/et_pb_gallery][et_pb_gallery gallery_ids=\u00a0\u00bb1970,1968,1971,1969&Prime; show_title_and_caption=\u00a0\u00bboff\u00a0\u00bb show_pagination=\u00a0\u00bboff\u00a0\u00bb _builder_version=\u00a0\u00bb4.27.6&Prime; _module_preset=\u00a0\u00bbdefault\u00a0\u00bb global_colors_info=\u00a0\u00bb{}\u00a0\u00bb][\/et_pb_gallery][\/et_pb_column][\/et_pb_row][et_pb_row column_structure=\u00a0\u00bb1_2,1_2&Prime; _builder_version=\u00a0\u00bb4.27.6&Prime; _module_preset=\u00a0\u00bbdefault\u00a0\u00bb global_colors_info=\u00a0\u00bb{}\u00a0\u00bb][et_pb_column type=\u00a0\u00bb1_2&Prime; _builder_version=\u00a0\u00bb4.27.6&Prime; _module_preset=\u00a0\u00bbdefault\u00a0\u00bb global_colors_info=\u00a0\u00bb{}\u00a0\u00bb][et_pb_text _builder_version=\u00a0\u00bb4.27.6&Prime; _module_preset=\u00a0\u00bbdefault\u00a0\u00bb global_colors_info=\u00a0\u00bb{}\u00a0\u00bb]<\/p>\n<h3><strong>NOM ET \u00c9NIGME<\/strong><\/h3>\n<p style=\"text-align: justify;\">Avant l\u2019apparition du nom \u00ab Tour d\u2019Arundel \u00bb, le site \u00e9tait d\u00e9sign\u00e9 sous diff\u00e9rentes appellations, notamment li\u00e9es au \u00ab feu de la Chaume \u00bb. L\u2019origine du nom actuel demeure incertaine et semble s\u2019inscrire dans une \u00e9volution toponymique plus tardive, encore partiellement \u00e9nigmatique.<\/p>\n<p>[\/et_pb_text][\/et_pb_column][et_pb_column type=\u00a0\u00bb1_2&Prime; _builder_version=\u00a0\u00bb4.27.6&Prime; _module_preset=\u00a0\u00bbdefault\u00a0\u00bb global_colors_info=\u00a0\u00bb{}\u00a0\u00bb][et_pb_text _builder_version=\u00a0\u00bb4.27.6&Prime; _module_preset=\u00a0\u00bbdefault\u00a0\u00bb global_colors_info=\u00a0\u00bb{}\u00a0\u00bb]<\/p>\n<h3 style=\"text-align: justify;\"><strong>M\u00c9MOIRE ET CONSTRUCTION<\/strong><\/h3>\n<p style=\"text-align: justify;\"><strong><\/strong><\/p>\n<p style=\"text-align: justify;\">\u00c0 travers des archives familiales r\u00e9alis\u00e9es au format 6\u00d79 au milieu du XXe si\u00e8cle, je prolonge cette relation entre construction et image. Le geste de b\u00e2tir et celui de photographier se rejoignent : tous deux structurent un espace, organisent la lumi\u00e8re et fixent une pr\u00e9sence.<\/p>\n<p>[\/et_pb_text][\/et_pb_column][\/et_pb_row][et_pb_row _builder_version=\u00a0\u00bb4.27.6&Prime; _module_preset=\u00a0\u00bbdefault\u00a0\u00bb global_colors_info=\u00a0\u00bb{}\u00a0\u00bb][et_pb_column type=\u00a0\u00bb4_4&Prime; _builder_version=\u00a0\u00bb4.27.6&Prime; _module_preset=\u00a0\u00bbdefault\u00a0\u00bb global_colors_info=\u00a0\u00bb{}\u00a0\u00bb][et_pb_gallery gallery_ids=\u00a0\u00bb1982,1981,1986,1985&Prime; show_title_and_caption=\u00a0\u00bboff\u00a0\u00bb show_pagination=\u00a0\u00bboff\u00a0\u00bb _builder_version=\u00a0\u00bb4.27.6&Prime; _module_preset=\u00a0\u00bbdefault\u00a0\u00bb global_colors_info=\u00a0\u00bb{}\u00a0\u00bb][\/et_pb_gallery][et_pb_text _builder_version=\u00a0\u00bb4.27.6&Prime; _module_preset=\u00a0\u00bbdefault\u00a0\u00bb global_colors_info=\u00a0\u00bb{}\u00a0\u00bb]<\/p>\n<h3 data-section-id=\"ijgp2u\" data-start=\"2194\" data-end=\"2214\"><strong data-start=\"2197\" data-end=\"2212\">PERSISTANCE<\/strong><\/h3>\n<p data-start=\"2215\" data-end=\"2352\">La Tour d\u2019Arundel ne se limite pas \u00e0 son histoire. Elle demeure un point de convergence entre m\u00e9moire, perception et exp\u00e9rience sensible.<\/p>\n<p>[\/et_pb_text][\/et_pb_column][\/et_pb_row][et_pb_row _builder_version=\u00a0\u00bb4.27.6&Prime; _module_preset=\u00a0\u00bbdefault\u00a0\u00bb global_colors_info=\u00a0\u00bb{}\u00a0\u00bb][et_pb_column type=\u00a0\u00bb4_4&Prime; _builder_version=\u00a0\u00bb4.27.6&Prime; _module_preset=\u00a0\u00bbdefault\u00a0\u00bb global_colors_info=\u00a0\u00bb{}\u00a0\u00bb][et_pb_gallery gallery_ids=\u00a0\u00bb1961,1965,1964,1968&Prime; show_title_and_caption=\u00a0\u00bboff\u00a0\u00bb show_pagination=\u00a0\u00bboff\u00a0\u00bb _builder_version=\u00a0\u00bb4.27.6&Prime; _module_preset=\u00a0\u00bbdefault\u00a0\u00bb global_colors_info=\u00a0\u00bb{}\u00a0\u00bb][\/et_pb_gallery][et_pb_text _builder_version=\u00a0\u00bb4.27.6&Prime; _module_preset=\u00a0\u00bbdefault\u00a0\u00bb hover_enabled=\u00a0\u00bb0&Prime; global_colors_info=\u00a0\u00bb{}\u00a0\u00bb sticky_enabled=\u00a0\u00bb0&Prime;]<\/p>\n<h3 style=\"text-align: center;\"><strong>\u00a0INFORMATION TECHNIQUE\u00a0<\/strong><\/h3>\n<p>D\u2019un point de vue technique, la tour se distingue par son feu situ\u00e9 \u00e0 une <span class=\"font-semibold\">hauteur focale de 33 m\u00e8tres<\/span>. Bien que l&rsquo;\u00e9difice comporte <span class=\"font-semibold\">123 marches<\/span> menant \u00e0 son sommet, l&rsquo;acc\u00e8s int\u00e9rieur reste exceptionnellement ferm\u00e9 au public. La visite n&rsquo;est en effet autoris\u00e9e que lors d&rsquo;ouvertures ponctuelles, organis\u00e9es conjointement par le service des Phares et Balises et la commune des Sables-d&rsquo;Olonne, notamment lors d&rsquo;\u00e9v\u00e9nements patrimoniaux comme les Journ\u00e9es du Patrimoine.<\/p>\n<p>[\/et_pb_text][et_pb_text _builder_version=\u00a0\u00bb4.27.6&Prime; _module_preset=\u00a0\u00bbdefault\u00a0\u00bb custom_padding=\u00a0\u00bb0px||0px|||\u00a0\u00bb global_colors_info=\u00a0\u00bb{}\u00a0\u00bb]<\/p>\n<h3 style=\"text-align: justify;\"><strong>LA LUMI\u00c8RE<\/strong><\/h3>\n<p style=\"text-align: justify;\">La lentille de Fresnel transforme la lumi\u00e8re en structure. Elle capte, comprime puis redistribue le faisceau en une organisation visible. La photographie r\u00e9v\u00e8le ainsi une lumi\u00e8re stratifi\u00e9e, presque tangible. Le phare n\u2019\u00e9claire pas seulement : il met en forme le r\u00e9el.<\/p>\n<p style=\"text-align: justify;\">[\/et_pb_text][et_pb_gallery gallery_ids=\u00a0\u00bb1983,1979,1963,1996&Prime; show_title_and_caption=\u00a0\u00bboff\u00a0\u00bb show_pagination=\u00a0\u00bboff\u00a0\u00bb _builder_version=\u00a0\u00bb4.27.6&Prime; _module_preset=\u00a0\u00bbdefault\u00a0\u00bb global_colors_info=\u00a0\u00bb{}\u00a0\u00bb][\/et_pb_gallery][et_pb_text _builder_version=\u00a0\u00bb4.27.6&Prime; _module_preset=\u00a0\u00bbdefault\u00a0\u00bb global_colors_info=\u00a0\u00bb{}\u00a0\u00bb]<\/p>\n<h3 style=\"text-align: center;\"><strong>Le myst\u00e8re du nom \u00ab\u00a0Arundel\u00a0\u00bb<\/strong><\/h3>\n<p data-start=\"257\" data-end=\"468\">Le nom \u00ab Arundel \u00bb, apparu plus tardivement, renvoie probablement \u00e0 une origine anglaise. Il correspond \u00e0 une ville du Sussex ainsi qu\u2019\u00e0 un ancien titre de noblesse britannique, en lien avec l\u2019histoire maritime.<\/p>\n<p data-start=\"470\" data-end=\"676\">Sans preuve formelle de son attribution, ce nom pourrait t\u00e9moigner des relations anciennes entre les c\u00f4tes fran\u00e7aises et anglaises. Il conserve ainsi une part d\u2019\u00e9nigme, inscrite dans la m\u00e9moire du littoral.<\/p>\n<p>[\/et_pb_text][et_pb_text _builder_version=\u00a0\u00bb4.27.6&Prime; _module_preset=\u00a0\u00bbdefault\u00a0\u00bb custom_padding=\u00a0\u00bb0px||0px|||\u00a0\u00bb global_colors_info=\u00a0\u00bb{}\u00a0\u00bb]<\/p>\n<h2 data-section-id=\"1f7a0sc\" data-start=\"1367\" data-end=\"1407\" style=\"text-align: center;\">&#x1f4da; Sources et cr\u00e9dits iconographiques<\/h2>\n<blockquote data-start=\"1409\" data-end=\"1626\">\n<p data-start=\"1411\" data-end=\"1626\" style=\"text-align: center;\">Photographies contemporaines : Fran\u00e7ois Hardel<br data-start=\"1457\" data-end=\"1460\" \/>Archives familiales : Collection Hardel (1950\u20131990)<br data-start=\"1513\" data-end=\"1516\" \/>Documents historiques : Archives municipales des Sables d\u2019Olonne<br data-start=\"1582\" data-end=\"1585\" \/>Archives d\u00e9partementales de la Vend\u00e9e<\/p>\n<\/blockquote>\n<p style=\"text-align: center;\">\n<p style=\"text-align: justify;\">\n<p>[\/et_pb_text][\/et_pb_column][\/et_pb_row][\/et_pb_section]<\/p>\n","protected":false},"excerpt":{"rendered":"<p>La Tour d\u2019Arundel veille depuis des si\u00e8cles \u00e0 l\u2019entr\u00e9e du port des Sables-d\u2019Olonne.ORIGINE ET SURVEILLANCE Vestige du ch\u00e2teau de la Chaume, \u00e9galement connu sous le nom de ch\u00e2teau Saint-Clair, elle s\u2019inscrit dans une histoire d\u00e9fensive remontant \u00e0 la fin du XVe si\u00e8cle. Situ\u00e9e \u00e0 un point strat\u00e9gique, elle permettait de surveiller l\u2019acc\u00e8s maritime et de prot\u00e9ger l\u2019entr\u00e9e du port.MUTATION ET SIGNAL Au fil du temps, la tour a connu plusieurs transformations. D\u00e9mantel\u00e9e \u00e0 la fin du XVIIe si\u00e8cle, elle est progressivement r\u00e9investie dans une fonction de signalisation. Elle devient alors un amer, puis un phare, accompagnant l\u2019\u00e9volution des dispositifs de navigation et des besoins maritimes.NOM ET \u00c9NIGME Avant l\u2019apparition du nom \u00ab Tour d\u2019Arundel \u00bb, le site \u00e9tait d\u00e9sign\u00e9 sous diff\u00e9rentes appellations, notamment li\u00e9es au \u00ab feu de la Chaume \u00bb. L\u2019origine du nom actuel demeure incertaine et semble s\u2019inscrire dans une \u00e9volution toponymique plus tardive, encore partiellement \u00e9nigmatique.M\u00c9MOIRE ET CONSTRUCTION \u00c0 travers des archives familiales r\u00e9alis\u00e9es au format 6\u00d79 au milieu du XXe si\u00e8cle, je prolonge cette relation entre construction et image. Le geste de b\u00e2tir et celui de photographier se rejoignent : tous deux structurent un espace, organisent la lumi\u00e8re et fixent une pr\u00e9sence.PERSISTANCE La Tour d\u2019Arundel ne [&hellip;]<\/p>\n","protected":false},"author":1,"featured_media":1983,"comment_status":"open","ping_status":"open","sticky":false,"template":"","format":"standard","meta":{"_et_pb_use_builder":"on","_et_pb_old_content":"","_et_gb_content_width":"","footnotes":""},"categories":[59,64,24],"tags":[289,300,284,291,297,294,290,302,292,279,299,277,283,276,298,285,296,278,286,287,280,239,282,87,99,293,295,281,301,288,275],"class_list":["post-1954","post","type-post","status-publish","format-standard","has-post-thumbnail","hentry","category-photographie-et-memoire-temoignage-visuel-photographie-argentique-et-souvenirs-memoire-et-image-photographie-de-voyage-souvenirs-en-photographie-heritage-visuel-art-de-vivre-en-image-photograp","category-photographie-perpeturel-memoire","category-photography-architecture","tag-architecture-defensive","tag-archive-photographique","tag-augustin-fresnel","tag-chateau-saint-clair","tag-cote-atlantique","tag-diffraction-lumiere","tag-donjon-medieval","tag-francois-hardel","tag-histoire-des-phares","tag-histoire-maritime","tag-histoire-portuaire","tag-la-chaume","tag-lentille-de-fresnel","tag-les-sables-dolonne","tag-navigation-maritime","tag-optique-maritime","tag-patrimoine-littoral","tag-patrimoine-vendee","tag-phare-armandeche","tag-phare-des-barges","tag-phare-vendee","tag-photographe-auteur","tag-photographie-architecture","tag-photographie-argentique","tag-photographie-documentaire","tag-photographie-lumiere","tag-photographie-optique","tag-photographie-patrimoine","tag-recherche-photographique","tag-signalisation-maritime","tag-tour-darundel"],"_links":{"self":[{"href":"https:\/\/www.francoishardel.com\/en\/wp-json\/wp\/v2\/posts\/1954","targetHints":{"allow":["GET"]}}],"collection":[{"href":"https:\/\/www.francoishardel.com\/en\/wp-json\/wp\/v2\/posts"}],"about":[{"href":"https:\/\/www.francoishardel.com\/en\/wp-json\/wp\/v2\/types\/post"}],"author":[{"embeddable":true,"href":"https:\/\/www.francoishardel.com\/en\/wp-json\/wp\/v2\/users\/1"}],"replies":[{"embeddable":true,"href":"https:\/\/www.francoishardel.com\/en\/wp-json\/wp\/v2\/comments?post=1954"}],"version-history":[{"count":22,"href":"https:\/\/www.francoishardel.com\/en\/wp-json\/wp\/v2\/posts\/1954\/revisions"}],"predecessor-version":[{"id":2049,"href":"https:\/\/www.francoishardel.com\/en\/wp-json\/wp\/v2\/posts\/1954\/revisions\/2049"}],"wp:featuredmedia":[{"embeddable":true,"href":"https:\/\/www.francoishardel.com\/en\/wp-json\/wp\/v2\/media\/1983"}],"wp:attachment":[{"href":"https:\/\/www.francoishardel.com\/en\/wp-json\/wp\/v2\/media?parent=1954"}],"wp:term":[{"taxonomy":"category","embeddable":true,"href":"https:\/\/www.francoishardel.com\/en\/wp-json\/wp\/v2\/categories?post=1954"},{"taxonomy":"post_tag","embeddable":true,"href":"https:\/\/www.francoishardel.com\/en\/wp-json\/wp\/v2\/tags?post=1954"}],"curies":[{"name":"wp","href":"https:\/\/api.w.org\/{rel}","templated":true}]}}