{"id":1587,"date":"2025-12-22T13:53:16","date_gmt":"2025-12-22T12:53:16","guid":{"rendered":"https:\/\/www.francoishardel.com\/?p=1587"},"modified":"2025-12-22T14:55:36","modified_gmt":"2025-12-22T13:55:36","slug":"napperons-photogrammes-par-contact","status":"publish","type":"post","link":"https:\/\/www.francoishardel.com\/en\/napperons-photogrammes-par-contact\/","title":{"rendered":"Napperons  Photogrammes par contact"},"content":{"rendered":"<p>[et_pb_section fb_built=\u00a0\u00bb1&Prime; _builder_version=\u00a0\u00bb4.27.5&Prime; _module_preset=\u00a0\u00bbdefault\u00a0\u00bb global_colors_info=\u00a0\u00bb{}\u00a0\u00bb][et_pb_row column_structure=\u00a0\u00bb1_2,1_2&Prime; _builder_version=\u00a0\u00bb4.27.5&Prime; _module_preset=\u00a0\u00bbdefault\u00a0\u00bb global_colors_info=\u00a0\u00bb{}\u00a0\u00bb][et_pb_column type=\u00a0\u00bb1_2&Prime; _builder_version=\u00a0\u00bb4.27.5&Prime; _module_preset=\u00a0\u00bbdefault\u00a0\u00bb global_colors_info=\u00a0\u00bb{}\u00a0\u00bb][et_pb_accordion _builder_version=\u00a0\u00bb4.27.5&Prime; _module_preset=\u00a0\u00bbdefault\u00a0\u00bb text_orientation=\u00a0\u00bbjustified\u00a0\u00bb global_colors_info=\u00a0\u00bb{}\u00a0\u00bb][et_pb_accordion_item title=\u00a0\u00bbUne s\u00e9rie de six images\u00a0\u00bb open=\u00a0\u00bbon\u00a0\u00bb _builder_version=\u00a0\u00bb4.27.5&Prime; _module_preset=\u00a0\u00bbdefault\u00a0\u00bb global_colors_info=\u00a0\u00bb{}\u00a0\u00bb]<\/p>\n<p>Cette s\u00e9rie de six photogrammes est r\u00e9alis\u00e9e \u00e0 partir de napperons textiles anciens, d\u00e9pos\u00e9s directement sur papier photographique argentique.<br \/>Il n\u2019y a ici ni appareil, ni objectif, ni point de vue au sens classique du terme.<br \/>Le textile est simplement pos\u00e9, \u00e0 plat, dans sa position la plus \u00e9vidente : celle de l\u2019usage.<\/p>\n<p>[\/et_pb_accordion_item][et_pb_accordion_item title=\u00a0\u00bbPhotogrammes \u00a0\u00bb _builder_version=\u00a0\u00bb4.27.5&Prime; _module_preset=\u00a0\u00bbdefault\u00a0\u00bb global_colors_info=\u00a0\u00bb{}\u00a0\u00bb open=\u00a0\u00bboff\u00a0\u00bb]<\/p>\n<p>Aucune rotation, aucune correction, aucun d\u00e9placement symbolique n\u2019est introduit.<br \/>Le textile n\u2019est pas redress\u00e9, stylis\u00e9 ou r\u00e9interpr\u00e9t\u00e9 : il est reproduit tel qu\u2019il repose, dans une relation d\u2019\u00e9galit\u00e9 avec la surface photosensible.<br \/>Cette frontalit\u00e9 assum\u00e9e permet de lire le motif comme une architecture, presque comme un plan.<\/p>\n<p>[\/et_pb_accordion_item][\/et_pb_accordion][\/et_pb_column][et_pb_column type=\u00a0\u00bb1_2&Prime; _builder_version=\u00a0\u00bb4.27.5&Prime; _module_preset=\u00a0\u00bbdefault\u00a0\u00bb global_colors_info=\u00a0\u00bb{}\u00a0\u00bb][et_pb_accordion _builder_version=\u00a0\u00bb4.27.5&Prime; _module_preset=\u00a0\u00bbdefault\u00a0\u00bb text_orientation=\u00a0\u00bbjustified\u00a0\u00bb min_height=\u00a0\u00bb330.9px\u00a0\u00bb global_colors_info=\u00a0\u00bb{}\u00a0\u00bb][et_pb_accordion_item title=\u00a0\u00bbImages par contact photosensible\u00a0\u00bb open=\u00a0\u00bbon\u00a0\u00bb _builder_version=\u00a0\u00bb4.27.5&Prime; _module_preset=\u00a0\u00bbdefault\u00a0\u00bb global_colors_info=\u00a0\u00bb{}\u00a0\u00bb]<\/p>\n<p>L\u2019image na\u00eet du contact.<\/p>\n<p>Le fil, la trame, les n\u0153uds et les ajours agissent comme autant de filtres.<br \/>La lumi\u00e8re traverse, s\u2019interrompt, se diffracte, laissant sur le papier l\u2019empreinte directe de la mati\u00e8re.<\/p>\n<p>[\/et_pb_accordion_item][et_pb_accordion_item title=\u00a0\u00bbLe photogramme r\u00e9v\u00e8le cette m\u00e9moire sans la commenter.\u00a0\u00bb _builder_version=\u00a0\u00bb4.27.5&Prime; _module_preset=\u00a0\u00bbdefault\u00a0\u00bb global_colors_info=\u00a0\u00bb{}\u00a0\u00bb open=\u00a0\u00bboff\u00a0\u00bb]<\/p>\n<p>Ces six images, en r\u00e9v\u00e9lateur neutre : composent ainsi une s\u00e9rie de formes actives, o\u00f9 la lumi\u00e8re n\u2019\u00e9claire pas un sujet, mais travaille avec lui.<br \/>Une photographie sans distance, sans point de fuite, o\u00f9 le regard est invit\u00e9 \u00e0 circuler lentement, \u00e0 la surface m\u00eame de la mati\u00e8re.<\/p>\n<p>[\/et_pb_accordion_item][\/et_pb_accordion][\/et_pb_column][\/et_pb_row][et_pb_row _builder_version=\u00a0\u00bb4.27.5&Prime; _module_preset=\u00a0\u00bbdefault\u00a0\u00bb global_colors_info=\u00a0\u00bb{}\u00a0\u00bb][et_pb_column type=\u00a0\u00bb4_4&Prime; _builder_version=\u00a0\u00bb4.27.5&Prime; _module_preset=\u00a0\u00bbdefault\u00a0\u00bb global_colors_info=\u00a0\u00bb{}\u00a0\u00bb][et_pb_gallery gallery_ids=\u00a0\u00bb1593,1594,1595,1596,1597,1598&Prime; _builder_version=\u00a0\u00bb4.27.5&Prime; _module_preset=\u00a0\u00bbdefault\u00a0\u00bb text_orientation=\u00a0\u00bbjustified\u00a0\u00bb hover_enabled=\u00a0\u00bb0&Prime; global_colors_info=\u00a0\u00bb{}\u00a0\u00bb sticky_enabled=\u00a0\u00bb0&Prime;][\/et_pb_gallery][\/et_pb_column][\/et_pb_row][\/et_pb_section]<\/p>\n","protected":false},"excerpt":{"rendered":"<p>Cette s\u00e9rie de six photogrammes est r\u00e9alis\u00e9e \u00e0 partir de napperons textiles anciens, d\u00e9pos\u00e9s directement sur papier photographique argentique.Il n\u2019y a ici ni appareil, ni objectif, ni point de vue au sens classique du terme.Le textile est simplement pos\u00e9, \u00e0 plat, dans sa position la plus \u00e9vidente : celle de l\u2019usage.Aucune rotation, aucune correction, aucun d\u00e9placement symbolique n\u2019est introduit.Le textile n\u2019est pas redress\u00e9, stylis\u00e9 ou r\u00e9interpr\u00e9t\u00e9 : il est reproduit tel qu\u2019il repose, dans une relation d\u2019\u00e9galit\u00e9 avec la surface photosensible.Cette frontalit\u00e9 assum\u00e9e permet de lire le motif comme une architecture, presque comme un plan.L\u2019image na\u00eet du contact. Le fil, la trame, les n\u0153uds et les ajours agissent comme autant de filtres.La lumi\u00e8re traverse, s\u2019interrompt, se diffracte, laissant sur le papier l\u2019empreinte directe de la mati\u00e8re.Ces six images, en r\u00e9v\u00e9lateur neutre : composent ainsi une s\u00e9rie de formes actives, o\u00f9 la lumi\u00e8re n\u2019\u00e9claire pas un sujet, mais travaille avec lui.Une photographie sans distance, sans point de fuite, o\u00f9 le regard est invit\u00e9 \u00e0 circuler lentement, \u00e0 la surface m\u00eame de la mati\u00e8re.<\/p>","protected":false},"author":1,"featured_media":1601,"comment_status":"open","ping_status":"open","sticky":false,"template":"","format":"standard","meta":{"_et_pb_use_builder":"on","_et_pb_old_content":"","_et_gb_content_width":"","footnotes":""},"categories":[9,59],"tags":[237,234,236,235],"class_list":["post-1587","post","type-post","status-publish","format-standard","has-post-thumbnail","hentry","category-sivlerprint","category-photographie-et-memoire-temoignage-visuel-photographie-argentique-et-souvenirs-memoire-et-image-photographie-de-voyage-souvenirs-en-photographie-heritage-visuel-art-de-vivre-en-image-photograp","tag-archives-sensibles","tag-artisanat-textile","tag-gestes-domestiques","tag-photogramme-textile"],"_links":{"self":[{"href":"https:\/\/www.francoishardel.com\/en\/wp-json\/wp\/v2\/posts\/1587","targetHints":{"allow":["GET"]}}],"collection":[{"href":"https:\/\/www.francoishardel.com\/en\/wp-json\/wp\/v2\/posts"}],"about":[{"href":"https:\/\/www.francoishardel.com\/en\/wp-json\/wp\/v2\/types\/post"}],"author":[{"embeddable":true,"href":"https:\/\/www.francoishardel.com\/en\/wp-json\/wp\/v2\/users\/1"}],"replies":[{"embeddable":true,"href":"https:\/\/www.francoishardel.com\/en\/wp-json\/wp\/v2\/comments?post=1587"}],"version-history":[{"count":10,"href":"https:\/\/www.francoishardel.com\/en\/wp-json\/wp\/v2\/posts\/1587\/revisions"}],"predecessor-version":[{"id":1614,"href":"https:\/\/www.francoishardel.com\/en\/wp-json\/wp\/v2\/posts\/1587\/revisions\/1614"}],"wp:featuredmedia":[{"embeddable":true,"href":"https:\/\/www.francoishardel.com\/en\/wp-json\/wp\/v2\/media\/1601"}],"wp:attachment":[{"href":"https:\/\/www.francoishardel.com\/en\/wp-json\/wp\/v2\/media?parent=1587"}],"wp:term":[{"taxonomy":"category","embeddable":true,"href":"https:\/\/www.francoishardel.com\/en\/wp-json\/wp\/v2\/categories?post=1587"},{"taxonomy":"post_tag","embeddable":true,"href":"https:\/\/www.francoishardel.com\/en\/wp-json\/wp\/v2\/tags?post=1587"}],"curies":[{"name":"wp","href":"https:\/\/api.w.org\/{rel}","templated":true}]}}