{"id":1363,"date":"2025-11-19T12:44:43","date_gmt":"2025-11-19T11:44:43","guid":{"rendered":"https:\/\/www.francoishardel.com\/?p=1363"},"modified":"2026-03-19T15:27:54","modified_gmt":"2026-03-19T14:27:54","slug":"fonds-photo-6x9-argentique","status":"publish","type":"post","link":"https:\/\/www.francoishardel.com\/en\/fonds-photo-6x9-argentique\/","title":{"rendered":"Construire une maison, construire une m\u00e9moire : archives 6X9"},"content":{"rendered":"\n[et_pb_section fb_built=\u00a0\u00bb1&Prime; _builder_version=\u00a0\u00bb4.27.4&Prime; _module_preset=\u00a0\u00bbdefault\u00a0\u00bb custom_margin=\u00a0\u00bb||-81px|||\u00a0\u00bb custom_padding=\u00a0\u00bb||54px|||\u00a0\u00bb custom_css_free_form=\u00a0\u00bb\/* 1) Corps des articles &#038; modules Texte *\/||.et_pb_post_content p,||.et_pb_text p,||.et_pb_blurb_description,||.et_pb_toggle_content,||.et_pb_team_member_description {||  text-align: justify;||  text-justify: inter-word;||  line-height: 1.75;||  hyphens: auto;||  -webkit-hyphens: auto;||  -ms-hyphens: auto;||  orphans: 3;||  widows: 3;||}||||\/* 2) Paragraphes longs dans les listes (\u00e9vite les \u00ab trous \u00bb) *\/||.et_pb_post_content li,||.et_pb_text li {||  text-align: justify;||  text-justify: inter-word;||  hyphens: auto;||}||||\/* 3) Titres : on garde l\u2019alignement \u00e0 gauche pour le rythme *\/||.et_pb_post_content h1,||.et_pb_post_content h2,||.et_pb_post_content h3,||.et_pb_text h1,||.et_pb_text h2,||.et_pb_text h3 {||  text-align: left;||  hyphens: manual;||}||||\/* 4) L\u00e9gendes d\u2019images &#038; figures *\/||.wp-caption-text,||figcaption {||  text-align: center;||  font-style: italic;||  opacity: .9;||  line-height: 1.5;||}||||\/* 5) Petits \u00e9crans : on assouplit (meilleure lisibilit\u00e9) *\/||@media (max-width: 480px) {||  .et_pb_post_content p,||  .et_pb_text p,||  .et_pb_post_content li,||  .et_pb_text li {||    text-align: left;           \/* redevient align\u00e9 \u00e0 gauche sur mobile *\/||    hyphens: auto;||    line-height: 1.8;||  }||}||\u00a0\u00bb global_colors_info=\u00a0\u00bb{}\u00a0\u00bb][et_pb_row _builder_version=\u00a0\u00bb4.27.4&Prime; _module_preset=\u00a0\u00bbdefault\u00a0\u00bb custom_margin=\u00a0\u00bb-12px|auto||auto||\u00a0\u00bb global_colors_info=\u00a0\u00bb{}\u00a0\u00bb][et_pb_column type=\u00a0\u00bb4_4&Prime; _builder_version=\u00a0\u00bb4.27.4&Prime; _module_preset=\u00a0\u00bbdefault\u00a0\u00bb global_colors_info=\u00a0\u00bb{}\u00a0\u00bb][et_pb_code _builder_version=\u00a0\u00bb4.27.4&Prime; _module_preset=\u00a0\u00bbdefault\u00a0\u00bb text_orientation=\u00a0\u00bbcenter\u00a0\u00bb global_colors_info=\u00a0\u00bb{}\u00a0\u00bb]<div class=\"fh-hero\"><!-- [et_pb_line_break_holder] -->\u00a0 <h2>Recherche, documentation et traitement d\u2019une m\u00e9moire photographique familiale<\/h2><!-- [et_pb_line_break_holder] --><!-- [et_pb_line_break_holder] -->\u00a0 <pee><!-- [et_pb_line_break_holder] -->\u00a0 \u00a0Le d\u00e9m\u00e9nagement de mon grand-p\u00e8re aux Sables-d\u2019Olonne m\u2019a fait prendre conscience que la m\u00e9moire familiale repose en grande partie sur la richesse visuelle des prises de vue r\u00e9alis\u00e9es par Henry Hardel. L\u2019ensemble de ses bobines archiv\u00e9es a \u00e9t\u00e9 d\u00e9ball\u00e9 et num\u00e9ris\u00e9. D\u00e8s les premi\u00e8res consultations, j\u2019ai \u00e9t\u00e9 frapp\u00e9 par la pr\u00e9cision de ses cadrages et la justesse de ses expositions.<!-- [et_pb_line_break_holder] -->\u00a0 <\/pee><!-- [et_pb_line_break_holder] --><\/div><!-- [et_pb_line_break_holder] -->[\/et_pb_code][et_pb_gallery gallery_ids=\u00a0\u00bb267,258,257,240&Prime; _builder_version=\u00a0\u00bb4.27.4&Prime; _module_preset=\u00a0\u00bbdefault\u00a0\u00bb text_orientation=\u00a0\u00bbjustified\u00a0\u00bb hover_enabled=\u00a0\u00bb0&Prime; global_colors_info=\u00a0\u00bb{}\u00a0\u00bb sticky_enabled=\u00a0\u00bb0&Prime;][\/et_pb_gallery][\/et_pb_column][\/et_pb_row][et_pb_row _builder_version=\u00a0\u00bb4.27.4&Prime; _module_preset=\u00a0\u00bbdefault\u00a0\u00bb global_colors_info=\u00a0\u00bb{}\u00a0\u00bb][et_pb_column type=\u00a0\u00bb4_4&Prime; _builder_version=\u00a0\u00bb4.27.4&Prime; _module_preset=\u00a0\u00bbdefault\u00a0\u00bb global_colors_info=\u00a0\u00bb{}\u00a0\u00bb][et_pb_cta title=\u00a0\u00bbValoriser les archives priv\u00e9es\u00a0\u00bb button_text=\u00a0\u00bbhttps:\/\/www.aec-innovation.fr\/\u00a0\u00bb _builder_version=\u00a0\u00bb4.27.4&Prime; _module_preset=\u00a0\u00bbdefault\u00a0\u00bb global_colors_info=\u00a0\u00bb{}\u00a0\u00bb]<p>D\u00e9couvrir l\u2019art d\u2019\u00e9diter nos m\u00e9moire.<br data-start=\"1213\" data-end=\"1216\" \/>Ensemble, nous donnons corps \u00e0 l\u2019h\u00e9ritage.<br data-start=\"1022\" data-end=\"1025\" \/>Ensemble, nous faisons exister ce qui aurait pu dispara\u00eetre.<\/p>[\/et_pb_cta][\/et_pb_column][\/et_pb_row][et_pb_row column_structure=\u00a0\u00bb1_3,1_3,1_3&Prime; _builder_version=\u00a0\u00bb4.27.4&Prime; _module_preset=\u00a0\u00bbdefault\u00a0\u00bb custom_padding=\u00a0\u00bb||0px|||\u00a0\u00bb hover_enabled=\u00a0\u00bb0&Prime; global_colors_info=\u00a0\u00bb{}\u00a0\u00bb custom_css_free_form=\u00a0\u00bb\/* Style global pour tous les titres de section dans l\u2019article *\/||.article-blocs h2, .article-blocs h3 {||  text-align: center;          \/* Centre le texte *\/||  margin-top: 40px;            \/* Espace au-dessus *\/||  margin-bottom: 20px;         \/* Espace en dessous *\/||  font-family: %22Helvetica Neue%22, Helvetica, Arial, sans-serif; \/* Police \u00e9l\u00e9gante *\/||  color: #2a2a2a;              \/* Couleur sombre et professionnelle *\/||}||||\/* Titre principal (niveau H2) *\/||.article-blocs h2 {||  font-size: 2.4em;            \/* Taille plus grande *\/||  font-weight: 600;||}||||\/* Sous-titre (niveau H3) *\/||.article-blocs h3 {||  font-size: 1.6em;            \/* Taille l\u00e9g\u00e8rement plus petite *\/||  font-weight: 500;||}||\u00a0\u00bb sticky_enabled=\u00a0\u00bb0&Prime;][et_pb_column type=\u00a0\u00bb1_3&Prime; _builder_version=\u00a0\u00bb4.27.4&Prime; _module_preset=\u00a0\u00bbdefault\u00a0\u00bb global_colors_info=\u00a0\u00bb{}\u00a0\u00bb][et_pb_code _builder_version=\u00a0\u00bb4.27.4&Prime; _module_preset=\u00a0\u00bbdefault\u00a0\u00bb text_orientation=\u00a0\u00bbjustified\u00a0\u00bb hover_enabled=\u00a0\u00bb0&Prime; custom_css_free_form=\u00a0\u00bb\/* Style global pour tous les titres de section dans l\u2019article *\/||.article-blocs h2, .article-blocs h3 {||  text-align: center;          \/* Centre le texte *\/||  margin-top: 40px;            \/* Espace au-dessus *\/||  margin-bottom: 20px;         \/* Espace en dessous *\/||  font-family: %22Helvetica Neue%22, Helvetica, Arial, sans-serif; \/* Police \u00e9l\u00e9gante *\/||  color: #2a2a2a;              \/* Couleur sombre et professionnelle *\/||}||||\/* Titre principal (niveau H2) *\/||.article-blocs h2 {||  font-size: 2.4em;            \/* Taille plus grande *\/||  font-weight: 600;||}||||\/* Sous-titre (niveau H3) *\/||.article-blocs h3 {||  font-size: 1.6em;            \/* Taille l\u00e9g\u00e8rement plus petite *\/||  font-weight: 500;||}||||\/* 1) Corps des articles &#038; modules Texte *\/||.et_pb_post_content p,||.et_pb_text p,||.et_pb_blurb_description,||.et_pb_toggle_content,||.et_pb_team_member_description {||  text-align: justify;||  text-justify: inter-word;||  line-height: 1.75;||  hyphens: auto;||  -webkit-hyphens: auto;||  -ms-hyphens: auto;||  orphans: 3;||  widows: 3;||}||||\/* 2) Paragraphes longs dans les listes (\u00e9vite les \u00ab trous \u00bb) *\/||.et_pb_post_content li,||.et_pb_text li {||  text-align: justify;||  text-justify: inter-word;||  hyphens: auto;||}||||\/* 3) Titres : on garde l\u2019alignement \u00e0 gauche pour le rythme *\/||.et_pb_post_content h1,||.et_pb_post_content h2,||.et_pb_post_content h3,||.et_pb_text h1,||.et_pb_text h2,||.et_pb_text h3 {||  text-align: left;||  hyphens: manual;||}||||\/* 4) L\u00e9gendes d\u2019images &#038; figures *\/||.wp-caption-text,||figcaption {||  text-align: center;||  font-style: italic;||  opacity: .9;||  line-height: 1.5;||}||||\/* 5) Petits \u00e9crans : on assouplit (meilleure lisibilit\u00e9) *\/||@media (max-width: 480px) {||  .et_pb_post_content p,||  .et_pb_text p,||  .et_pb_post_content li,||  .et_pb_text li {||    text-align: left;           \/* redevient align\u00e9 \u00e0 gauche sur mobile *\/||    hyphens: auto;||    line-height: 1.8;||  }||}||\u00a0\u00bb global_colors_info=\u00a0\u00bb{}\u00a0\u00bb sticky_enabled=\u00a0\u00bb0&Prime;]<section class=\"section section-ouvrir-archives\"><!-- [et_pb_line_break_holder] --><!-- [et_pb_line_break_holder] -->\u00a0 <h2>Ouvrir les archives<\/h2><!-- [et_pb_line_break_holder] --><!-- [et_pb_line_break_holder] -->\u00a0 <pee><em><!-- [et_pb_line_break_holder] -->\u00a0 \u00a0 Aux origines de ce fonds, un geste simple : ouvrir les bo\u00eetes o\u00f9 dormaient les images.<!-- [et_pb_line_break_holder] -->\u00a0 <\/em><\/pee><!-- [et_pb_line_break_holder] --><!-- [et_pb_line_break_holder] -->\u00a0 <div class=\"bloc\"><!-- [et_pb_line_break_holder] -->\u00a0 \u00a0 <h3>Le regard d\u2019un photographe amateur<\/h3><!-- [et_pb_line_break_holder] -->\u00a0 \u00a0 <pee><!-- [et_pb_line_break_holder] -->\u00a0 \u00a0 \u00a0 En observant attentivement son travail, j\u2019ai compris que mon grand-p\u00e8re \u00e9tait un v\u00e9ritable photographe amateur d\u00e8s les ann\u00e9es 1930. Son premier appareil, acquis \u00e0 16 ans, a travers\u00e9 les d\u00e9cennies gr\u00e2ce \u00e0 un soin constant et une attention presque documentaire.<!-- [et_pb_line_break_holder] -->\u00a0 \u00a0 <\/pee><!-- [et_pb_line_break_holder] -->\u00a0 <\/div><!-- [et_pb_line_break_holder] --><!-- [et_pb_line_break_holder] -->\u00a0 <div class=\"bloc\"><!-- [et_pb_line_break_holder] -->\u00a0 \u00a0 <h3>Des archives d\u00e9j\u00e0 class\u00e9es<\/h3><!-- [et_pb_line_break_holder] -->\u00a0 \u00a0 <pee><!-- [et_pb_line_break_holder] -->\u00a0 \u00a0 \u00a0 Les bobines avaient \u00e9t\u00e9 conserv\u00e9es plates, class\u00e9es par ann\u00e9es, dans un ordre presque mus\u00e9al. Une rigueur silencieuse h\u00e9rit\u00e9e d\u2019une g\u00e9n\u00e9ration pour qui le rangement \u00e9tait d\u00e9j\u00e0 une forme de transmission.<!-- [et_pb_line_break_holder] -->\u00a0 \u00a0 <\/pee><!-- [et_pb_line_break_holder] -->\u00a0 <\/div><!-- [et_pb_line_break_holder] --><!-- [et_pb_line_break_holder] -->\u00a0 <div class=\"bloc\"><!-- [et_pb_line_break_holder] -->\u00a0 \u00a0 <h3>Un patrimoine intime<\/h3><!-- [et_pb_line_break_holder] -->\u00a0 \u00a0 <pee><!-- [et_pb_line_break_holder] -->\u00a0 \u00a0 \u00a0 Ce fonds photographique r\u00e9v\u00e8le les gestes, les regards et les instants d\u2019une vie ordinaire mais pr\u00e9cieuse, faite de voyages, de balades, de famille et de lieux. Une mati\u00e8re fragile que la num\u00e9risation permet aujourd\u2019hui de pr\u00e9server.<!-- [et_pb_line_break_holder] -->\u00a0 \u00a0 <\/pee><!-- [et_pb_line_break_holder] -->\u00a0 <\/div><!-- [et_pb_line_break_holder] --><!-- [et_pb_line_break_holder] --><\/section><!-- [et_pb_line_break_holder] -->[\/et_pb_code][\/et_pb_column][et_pb_column type=\u00a0\u00bb1_3&Prime; _builder_version=\u00a0\u00bb4.27.4&Prime; _module_preset=\u00a0\u00bbdefault\u00a0\u00bb global_colors_info=\u00a0\u00bb{}\u00a0\u00bb][et_pb_code _builder_version=\u00a0\u00bb4.27.4&Prime; _module_preset=\u00a0\u00bbdefault\u00a0\u00bb text_orientation=\u00a0\u00bbjustified\u00a0\u00bb global_colors_info=\u00a0\u00bb{}\u00a0\u00bb]<section class=\"section section-format-6x9\"><!-- [et_pb_line_break_holder] --><!-- [et_pb_line_break_holder] -->\u00a0 <h2>Le choix du format : le 6\u00d79 comme ligne de vie (1936\u20131960)<\/h2><!-- [et_pb_line_break_holder] --><!-- [et_pb_line_break_holder] -->\u00a0 <pee><em><!-- [et_pb_line_break_holder] -->\u00a0 \u00a0 Le 6\u00d79 n\u2019\u00e9tait pas un hasard : c\u2019\u00e9tait un format exigeant, un geste s\u00fbr, une fa\u00e7on de cadrer juste.<!-- [et_pb_line_break_holder] -->\u00a0 <\/em><\/pee><!-- [et_pb_line_break_holder] --><!-- [et_pb_line_break_holder] -->\u00a0 <div class=\"bloc\"><!-- [et_pb_line_break_holder] -->\u00a0 \u00a0 <h3>La pr\u00e9cision du geste<\/h3><!-- [et_pb_line_break_holder] -->\u00a0 \u00a0 <pee><!-- [et_pb_line_break_holder] -->\u00a0 \u00a0 \u00a0 Chaque vue est pos\u00e9e au bon endroit, avec la bonne focale, au bon moment. Pas de recadrage, pas de corrections. L\u2019image \u00e9tait faite comme elle devait \u00eatre faite.<!-- [et_pb_line_break_holder] -->\u00a0 \u00a0 <\/pee><!-- [et_pb_line_break_holder] -->\u00a0 <\/div><!-- [et_pb_line_break_holder] --><!-- [et_pb_line_break_holder] -->\u00a0 <div class=\"bloc\"><!-- [et_pb_line_break_holder] -->\u00a0 \u00a0 <h3>Un format exigeant<\/h3><!-- [et_pb_line_break_holder] -->\u00a0 \u00a0 <pee><!-- [et_pb_line_break_holder] -->\u00a0 \u00a0 \u00a0 Le 6\u00d79 offre un n\u00e9gatif large, pr\u00e9cis, riche en d\u00e9tail. Un outil parfait pour un regard patient et m\u00e9ticuleux.<!-- [et_pb_line_break_holder] -->\u00a0 \u00a0 <\/pee><!-- [et_pb_line_break_holder] -->\u00a0 <\/div><!-- [et_pb_line_break_holder] --><!-- [et_pb_line_break_holder] -->\u00a0 <div class=\"bloc\"><!-- [et_pb_line_break_holder] -->\u00a0 \u00a0 <h3>Un rendu encore actuel<\/h3><!-- [et_pb_line_break_holder] -->\u00a0 \u00a0 <pee><!-- [et_pb_line_break_holder] -->\u00a0 \u00a0 \u00a0 Une fois num\u00e9ris\u00e9es, ces images conservent une finesse \u00e9tonnante : la nettet\u00e9, le grain et la densit\u00e9 racontent une \u00e9poque o\u00f9 l\u2019on prenait le temps de bien faire.<!-- [et_pb_line_break_holder] -->\u00a0 \u00a0 <\/pee><!-- [et_pb_line_break_holder] -->\u00a0 <\/div><!-- [et_pb_line_break_holder] --><!-- [et_pb_line_break_holder] --><\/section><!-- [et_pb_line_break_holder] -->[\/et_pb_code][\/et_pb_column][et_pb_column type=\u00a0\u00bb1_3&Prime; _builder_version=\u00a0\u00bb4.27.4&Prime; _module_preset=\u00a0\u00bbdefault\u00a0\u00bb global_colors_info=\u00a0\u00bb{}\u00a0\u00bb][et_pb_code _builder_version=\u00a0\u00bb4.27.4&Prime; _module_preset=\u00a0\u00bbdefault\u00a0\u00bb text_orientation=\u00a0\u00bbjustified\u00a0\u00bb global_colors_info=\u00a0\u00bb{}\u00a0\u00bb]<section class=\"section section-gelatino-bromure\"><!-- [et_pb_line_break_holder] --><!-- [et_pb_line_break_holder] -->\u00a0 <h2>La mati\u00e8re : le g\u00e9latino-bromure d\u2019argent<\/h2><!-- [et_pb_line_break_holder] --><!-- [et_pb_line_break_holder] -->\u00a0 <pee><em><!-- [et_pb_line_break_holder] -->\u00a0 \u00a0 Le support g\u00e9latino-bromure donne \u00e0 la photographie argentique sa profondeur, sa mati\u00e8re, son intensit\u00e9.<!-- [et_pb_line_break_holder] -->\u00a0 <\/em><\/pee><!-- [et_pb_line_break_holder] --><!-- [et_pb_line_break_holder] -->\u00a0 <div class=\"bloc\"><!-- [et_pb_line_break_holder] -->\u00a0 \u00a0 <h3>Un support stable<\/h3><!-- [et_pb_line_break_holder] -->\u00a0 \u00a0 <pee><!-- [et_pb_line_break_holder] -->\u00a0 \u00a0 \u00a0 Le g\u00e9latino-bromure d\u2019argent, durable et robuste, a permis \u00e0 ces images de traverser les d\u00e9cennies sans perdre leur densit\u00e9 originelle.<!-- [et_pb_line_break_holder] -->\u00a0 \u00a0 <\/pee><!-- [et_pb_line_break_holder] -->\u00a0 <\/div><!-- [et_pb_line_break_holder] --><!-- [et_pb_line_break_holder] -->\u00a0 <div class=\"bloc\"><!-- [et_pb_line_break_holder] -->\u00a0 \u00a0 <h3>Une esth\u00e9tique singuli\u00e8re<\/h3><!-- [et_pb_line_break_holder] -->\u00a0 \u00a0 <pee><!-- [et_pb_line_break_holder] -->\u00a0 \u00a0 \u00a0 Ce proc\u00e9d\u00e9 offre un noir profond, une latitude de lumi\u00e8re large et une pr\u00e9cision tonale impossible \u00e0 imiter en num\u00e9rique.<!-- [et_pb_line_break_holder] -->\u00a0 \u00a0 <\/pee><!-- [et_pb_line_break_holder] -->\u00a0 <\/div><!-- [et_pb_line_break_holder] --><!-- [et_pb_line_break_holder] -->\u00a0 <div class=\"bloc\"><!-- [et_pb_line_break_holder] -->\u00a0 \u00a0 <h3>Une mati\u00e8re r\u00e9v\u00e9latrice<\/h3><!-- [et_pb_line_break_holder] -->\u00a0 \u00a0 <pee><!-- [et_pb_line_break_holder] -->\u00a0 \u00a0 \u00a0 Chaque image, m\u00eame modeste, devient une empreinte stable de lumi\u00e8re et de m\u00e9moire, r\u00e9v\u00e9lant un quotidien disparu.<!-- [et_pb_line_break_holder] -->\u00a0 \u00a0 <\/pee><!-- [et_pb_line_break_holder] -->\u00a0 <\/div><!-- [et_pb_line_break_holder] --><!-- [et_pb_line_break_holder] --><\/section><!-- [et_pb_line_break_holder] -->[\/et_pb_code][\/et_pb_column][\/et_pb_row][et_pb_row column_structure=\u00a0\u00bb1_3,1_3,1_3&Prime; _builder_version=\u00a0\u00bb4.27.4&Prime; _module_preset=\u00a0\u00bbdefault\u00a0\u00bb global_colors_info=\u00a0\u00bb{}\u00a0\u00bb][et_pb_column type=\u00a0\u00bb1_3&Prime; _builder_version=\u00a0\u00bb4.27.4&Prime; _module_preset=\u00a0\u00bbdefault\u00a0\u00bb global_colors_info=\u00a0\u00bb{}\u00a0\u00bb][et_pb_gallery gallery_ids=\u00a0\u00bb1406,1403,1404,1400,1401,1399,1402,1405,1407,1408,1409,1410,1411,1412,1413,1414,1415,1416,1417&Prime; fullwidth=\u00a0\u00bbon\u00a0\u00bb _builder_version=\u00a0\u00bb4.27.4&Prime; _module_preset=\u00a0\u00bbdefault\u00a0\u00bb text_orientation=\u00a0\u00bbjustified\u00a0\u00bb hover_enabled=\u00a0\u00bb0&Prime; global_colors_info=\u00a0\u00bb{}\u00a0\u00bb sticky_enabled=\u00a0\u00bb0&Prime;][\/et_pb_gallery][\/et_pb_column][et_pb_column type=\u00a0\u00bb1_3&Prime; _builder_version=\u00a0\u00bb4.27.4&Prime; _module_preset=\u00a0\u00bbdefault\u00a0\u00bb global_colors_info=\u00a0\u00bb{}\u00a0\u00bb][et_pb_gallery gallery_ids=\u00a0\u00bb1400,1401,1402,1399,1403,1404,1405,1406,1407,1408,1412,1411,1413,1414,1415,1416,1417,1475&Prime; fullwidth=\u00a0\u00bbon\u00a0\u00bb _builder_version=\u00a0\u00bb4.27.4&Prime; _module_preset=\u00a0\u00bbdefault\u00a0\u00bb text_orientation=\u00a0\u00bbjustified\u00a0\u00bb hover_enabled=\u00a0\u00bb0&Prime; global_colors_info=\u00a0\u00bb{}\u00a0\u00bb sticky_enabled=\u00a0\u00bb0&Prime;][\/et_pb_gallery][\/et_pb_column][et_pb_column type=\u00a0\u00bb1_3&Prime; _builder_version=\u00a0\u00bb4.27.4&Prime; _module_preset=\u00a0\u00bbdefault\u00a0\u00bb global_colors_info=\u00a0\u00bb{}\u00a0\u00bb][et_pb_gallery gallery_ids=\u00a0\u00bb1399,1400,1401,1402,1403,1404,1405,1406,1414,1407,1408,1409,1411,1412,1413,1415,1416,1417&Prime; gallery_orderby=\u00a0\u00bbrand\u00a0\u00bb fullwidth=\u00a0\u00bbon\u00a0\u00bb _builder_version=\u00a0\u00bb4.27.4&Prime; _module_preset=\u00a0\u00bbdefault\u00a0\u00bb text_orientation=\u00a0\u00bbjustified\u00a0\u00bb global_colors_info=\u00a0\u00bb{}\u00a0\u00bb][\/et_pb_gallery][\/et_pb_column][\/et_pb_row][et_pb_row _builder_version=\u00a0\u00bb4.27.4&Prime; _module_preset=\u00a0\u00bbdefault\u00a0\u00bb global_colors_info=\u00a0\u00bb{}\u00a0\u00bb][et_pb_column type=\u00a0\u00bb4_4&Prime; _builder_version=\u00a0\u00bb4.27.4&Prime; _module_preset=\u00a0\u00bbdefault\u00a0\u00bb global_colors_info=\u00a0\u00bb{}\u00a0\u00bb][et_pb_cta title=\u00a0\u00bbValoriser les archives priv\u00e9es\u00a0\u00bb button_text=\u00a0\u00bbhttps:\/\/www.aec-innovation.fr\/\u00a0\u00bb _builder_version=\u00a0\u00bb4.27.4&Prime; _module_preset=\u00a0\u00bbdefault\u00a0\u00bb global_colors_info=\u00a0\u00bb{}\u00a0\u00bb]<p>D\u00e9couvrir l\u2019art d\u2019\u00e9diter nos m\u00e9moire.<br data-start=\"1213\" data-end=\"1216\" \/>Ensemble, nous donnons corps \u00e0 l\u2019h\u00e9ritage.<br data-start=\"1022\" data-end=\"1025\" \/>Ensemble, nous faisons exister ce qui aurait pu dispara\u00eetre.<\/p>[\/et_pb_cta][\/et_pb_column][\/et_pb_row][et_pb_row column_structure=\u00a0\u00bb1_4,1_4,1_4,1_4&Prime; _builder_version=\u00a0\u00bb4.27.4&Prime; _module_preset=\u00a0\u00bbdefault\u00a0\u00bb min_height=\u00a0\u00bb480px\u00a0\u00bb custom_padding=\u00a0\u00bb10px||8px|||\u00a0\u00bb global_colors_info=\u00a0\u00bb{}\u00a0\u00bb][et_pb_column type=\u00a0\u00bb1_4&Prime; _builder_version=\u00a0\u00bb4.27.4&Prime; _module_preset=\u00a0\u00bbdefault\u00a0\u00bb global_colors_info=\u00a0\u00bb{}\u00a0\u00bb][et_pb_code _builder_version=\u00a0\u00bb4.27.4&Prime; _module_preset=\u00a0\u00bbdefault\u00a0\u00bb text_orientation=\u00a0\u00bbjustified\u00a0\u00bb width=\u00a0\u00bb100%\u00a0\u00bb max_width=\u00a0\u00bb100%\u00a0\u00bb min_height=\u00a0\u00bb100px\u00a0\u00bb custom_padding=\u00a0\u00bb0px|||||\u00a0\u00bb locked=\u00a0\u00bboff\u00a0\u00bb global_colors_info=\u00a0\u00bb{}\u00a0\u00bb]<div class=\"section-apres-80-ans-titre\"><!-- [et_pb_line_break_holder] --><!-- [et_pb_line_break_holder] -->\u00a0 <h2>Apr\u00e8s 80 ans : que faire de ces images\u00a0?<\/h2><!-- [et_pb_line_break_holder] --><!-- [et_pb_line_break_holder] -->\u00a0 <pee><em><!-- [et_pb_line_break_holder] -->\u00a0 \u00a0\u00a0Lorsqu\u2019une photographie traverse pr\u00e8s d\u2019un si\u00e8cle, elle d\u00e9passe le simple cadre du souvenir :<!-- [et_pb_line_break_holder] -->elle devient un \u00e9l\u00e9ment de patrimoine dont les ayants droit assurent la continuit\u00e9.<!-- [et_pb_line_break_holder] -->Pr\u00e9server ces images, c\u2019est garantir la transmission fid\u00e8le d\u2019un h\u00e9ritage visuel,<!-- [et_pb_line_break_holder] -->tout en reconnaissant leur valeur documentaire et culturelle.<!-- [et_pb_line_break_holder] -->En les identifiant, en les contextualisant et en les partageant,<!-- [et_pb_line_break_holder] -->les familles contribuent \u00e0 enrichir le r\u00e9cit collectif et \u00e0 maintenir vivante une histoire qui, sans elles, pourrait dispara\u00eetre.<!-- [et_pb_line_break_holder] -->\u00a0 <\/em><\/pee><!-- [et_pb_line_break_holder] --><!-- [et_pb_line_break_holder] --><\/div><!-- [et_pb_line_break_holder] -->[\/et_pb_code][\/et_pb_column][et_pb_column type=\u00a0\u00bb1_4&Prime; _builder_version=\u00a0\u00bb4.27.4&Prime; _module_preset=\u00a0\u00bbdefault\u00a0\u00bb global_colors_info=\u00a0\u00bb{}\u00a0\u00bb][et_pb_code _builder_version=\u00a0\u00bb4.27.4&Prime; _module_preset=\u00a0\u00bbdefault\u00a0\u00bb text_orientation=\u00a0\u00bbjustified\u00a0\u00bb min_height=\u00a0\u00bb331.2px\u00a0\u00bb global_colors_info=\u00a0\u00bb{}\u00a0\u00bb]<div class=\"bloc-2-ayants-droit\"><!-- [et_pb_line_break_holder] --><!-- [et_pb_line_break_holder] -->\u00a0 <h3>La responsabilit\u00e9 des ayants droit<\/h3><!-- [et_pb_line_break_holder] --><!-- [et_pb_line_break_holder] -->\u00a0 <pee><!-- [et_pb_line_break_holder] -->\u00a0 \u00a0\u00a0H\u00e9riter d\u2019un fonds photographique, c\u2019est recevoir un r\u00e9cit visuel \u00e0 pr\u00e9server.<!-- [et_pb_line_break_holder] -->Classer, dater, l\u00e9gender et num\u00e9riser deviennent alors des gestes essentiels pour sauvegarder une m\u00e9moire fragile.<!-- [et_pb_line_break_holder] -->Ces images t\u00e9moignent d\u2019une g\u00e9n\u00e9ration pass\u00e9e par la crise, la guerre, puis la reconstruction, capable pourtant de saisir la lumi\u00e8re des moments simples.<!-- [et_pb_line_break_holder] -->Les valoriser aujourd\u2019hui, c\u2019est reconna\u00eetre la port\u00e9e culturelle de ces traces ordinaires.<!-- [et_pb_line_break_holder] -->Et c\u2019est offrir \u00e0 ces photographies une nouvelle vie, utile aux familles comme aux institutions.<!-- [et_pb_line_break_holder] -->\u00a0 <\/pee><!-- [et_pb_line_break_holder] --><!-- [et_pb_line_break_holder] --><\/div><!-- [et_pb_line_break_holder] -->[\/et_pb_code][\/et_pb_column][et_pb_column type=\u00a0\u00bb1_4&Prime; _builder_version=\u00a0\u00bb4.27.4&Prime; _module_preset=\u00a0\u00bbdefault\u00a0\u00bb global_colors_info=\u00a0\u00bb{}\u00a0\u00bb][et_pb_code _builder_version=\u00a0\u00bb4.27.4&Prime; _module_preset=\u00a0\u00bbdefault\u00a0\u00bb text_orientation=\u00a0\u00bbjustified\u00a0\u00bb locked=\u00a0\u00bboff\u00a0\u00bb global_colors_info=\u00a0\u00bb{}\u00a0\u00bb]<div class=\"bloc-1-rituel\"><!-- [et_pb_line_break_holder] --><!-- [et_pb_line_break_holder] -->\u00a0 <h3>Le rituel des photographes de quartier<\/h3><!-- [et_pb_line_break_holder] --><!-- [et_pb_line_break_holder] -->\u00a0 <pee><!-- [et_pb_line_break_holder] -->\u00a0 \u00a0 Il prenait toujours la pr\u00e9caution d\u2019aller voir plusieurs photographes \u00e0 Paris.\u00a0<!-- [et_pb_line_break_holder] -->\u00a0 \u00a0 C\u2019\u00e9tait devenu un rituel. Pendant ses balades du week-end, ou juste apr\u00e8s le travail,\u00a0<!-- [et_pb_line_break_holder] -->\u00a0 \u00a0 il poussait la porte de petites boutiques tenues depuis des d\u00e9cennies.\u00a0<!-- [et_pb_line_break_holder] -->\u00a0 \u00a0 Il me parlait souvent de ces adresses, comme d\u2019un palmar\u00e8s personnel\u00a0:\u00a0<!-- [et_pb_line_break_holder] -->\u00a0 \u00a0 des opticiens, des revendeurs, des ateliers o\u00f9 il connaissait presque tout le monde.<!-- [et_pb_line_break_holder] -->\u00a0 <\/pee><!-- [et_pb_line_break_holder] --><!-- [et_pb_line_break_holder] --><\/div><!-- [et_pb_line_break_holder] -->[\/et_pb_code][\/et_pb_column][et_pb_column type=\u00a0\u00bb1_4&Prime; _builder_version=\u00a0\u00bb4.27.4&Prime; _module_preset=\u00a0\u00bbdefault\u00a0\u00bb global_colors_info=\u00a0\u00bb{}\u00a0\u00bb][et_pb_code _builder_version=\u00a0\u00bb4.27.4&Prime; _module_preset=\u00a0\u00bbdefault\u00a0\u00bb text_orientation=\u00a0\u00bbjustified\u00a0\u00bb min_height=\u00a0\u00bb331.2px\u00a0\u00bb global_colors_info=\u00a0\u00bb{}\u00a0\u00bb]<div class=\"bloc-3-valorisation\"><!-- [et_pb_line_break_holder] --><!-- [et_pb_line_break_holder] -->\u00a0 <h3>Valoriser et transmettre<\/h3><!-- [et_pb_line_break_holder] --><!-- [et_pb_line_break_holder] -->\u00a0 <pee><!-- [et_pb_line_break_holder] -->\u00a0 \u00a0 Ces photographies peuvent d\u00e9sormais rejoindre le pr\u00e9sent\u00a0:\u00a0<!-- [et_pb_line_break_holder] -->\u00a0 \u00a0 articles, expositions, archives num\u00e9riques, livres familiaux ou projets patrimoniaux.\u00a0<!-- [et_pb_line_break_holder] -->\u00a0 \u00a0 Il s\u2019agit de les pr\u00e9senter avec justesse, sans recadrage ni alt\u00e9ration,\u00a0<!-- [et_pb_line_break_holder] -->\u00a0 \u00a0 afin de respecter l\u2019intention d\u2019origine.\u00a0<!-- [et_pb_line_break_holder] -->\u00a0 \u00a0 Transmettre ces images, c\u2019est prolonger leur lumi\u00e8re et permettre \u00e0 une nouvelle g\u00e9n\u00e9ration\u00a0<!-- [et_pb_line_break_holder] -->\u00a0 \u00a0 de lire ce que le regard de l\u2019\u00e9poque a su pr\u00e9server.<!-- [et_pb_line_break_holder] -->\u00a0 <\/pee><!-- [et_pb_line_break_holder] --><!-- [et_pb_line_break_holder] --><\/div><!-- [et_pb_line_break_holder] -->[\/et_pb_code][\/et_pb_column][\/et_pb_row][et_pb_row _builder_version=\u00a0\u00bb4.27.4&Prime; _module_preset=\u00a0\u00bbdefault\u00a0\u00bb global_colors_info=\u00a0\u00bb{}\u00a0\u00bb][et_pb_column type=\u00a0\u00bb4_4&Prime; _builder_version=\u00a0\u00bb4.27.4&Prime; _module_preset=\u00a0\u00bbdefault\u00a0\u00bb global_colors_info=\u00a0\u00bb{}\u00a0\u00bb][et_pb_gallery gallery_ids=\u00a0\u00bb1385,1386,1387,1384&Prime; show_title_and_caption=\u00a0\u00bboff\u00a0\u00bb _builder_version=\u00a0\u00bb4.27.4&Prime; _module_preset=\u00a0\u00bbdefault\u00a0\u00bb global_colors_info=\u00a0\u00bb{}\u00a0\u00bb][\/et_pb_gallery][\/et_pb_column][\/et_pb_row][et_pb_row _builder_version=\u00a0\u00bb4.27.4&Prime; _module_preset=\u00a0\u00bbdefault\u00a0\u00bb global_colors_info=\u00a0\u00bb{}\u00a0\u00bb][et_pb_column type=\u00a0\u00bb4_4&Prime; _builder_version=\u00a0\u00bb4.27.4&Prime; _module_preset=\u00a0\u00bbdefault\u00a0\u00bb global_colors_info=\u00a0\u00bb{}\u00a0\u00bb][et_pb_cta title=\u00a0\u00bbValoriser les archives priv\u00e9es\u00a0\u00bb button_text=\u00a0\u00bbhttps:\/\/www.aec-innovation.fr\/\u00a0\u00bb _builder_version=\u00a0\u00bb4.27.4&Prime; _module_preset=\u00a0\u00bbdefault\u00a0\u00bb global_colors_info=\u00a0\u00bb{}\u00a0\u00bb]<p>sD\u00e9couvrir l\u2019art d\u2019\u00e9diter nos m\u00e9moire.<br data-start=\"1213\" data-end=\"1216\" \/>Ensemble, nous donnons corps \u00e0 l\u2019h\u00e9ritage.<br data-start=\"1022\" data-end=\"1025\" \/>Ensemble, nous faisons exister ce qui aurait pu dispara\u00eetre.<\/p>[\/et_pb_cta][et_pb_code _builder_version=\u00a0\u00bb4.27.4&Prime; _module_preset=\u00a0\u00bbdefault\u00a0\u00bb custom_css_free_form=\u00a0\u00bb.fh-conclusion {||  background: #f7f7f7;||  padding: 40px 30px;||  margin-top: 50px;||  border-radius: 8px;||  border: 1px solid #e0e0e0;||}||||.fh-conclusion-inner {||  max-width: 760px;||  margin: 0 auto;||  text-align: center;||}||||.fh-conclusion-title {||  font-size: 26px;||  margin-bottom: 20px;||  font-weight: 600;||}||||.fh-conclusion-text {||  font-size: 18px;||  line-height: 1.7;||  margin-bottom: 22px;||  color: #333;||}||||.fh-conclusion-text em {||  font-style: italic;||  color: #555;||}||\u00a0\u00bb global_colors_info=\u00a0\u00bb{}\u00a0\u00bb]<section class=\"fh-conclusion\"><!-- [et_pb_line_break_holder] -->  <div class=\"fh-conclusion-inner\"><!-- [et_pb_line_break_holder] --><!-- [et_pb_line_break_holder] -->    <h2 class=\"fh-conclusion-title\">Conclusion<\/h2><!-- [et_pb_line_break_holder] --><!-- [et_pb_line_break_holder] -->    <pee class=\"fh-conclusion-text\"><!-- [et_pb_line_break_holder] -->      Ce travail sur le fonds 6\u00d79 de ma famille est une mani\u00e8re de montrer comment une archive priv\u00e9e peut devenir un r\u00e9cit, un geste de transmission et un objet d\u2019\u00e9tude. Il prolonge mon activit\u00e9 de photographe, d\u2019auteur, de m\u00e9diateur et d\u2019accompagnateur de projets li\u00e9s \u00e0 la m\u00e9moire visuelle.<!-- [et_pb_line_break_holder] -->    <\/pee><!-- [et_pb_line_break_holder] --><!-- [et_pb_line_break_holder] -->    <pee class=\"fh-conclusion-text\"><!-- [et_pb_line_break_holder] -->      Je suis disponible pour \u00e9changer autour de projets \u00e9ditoriaux, de r\u00e9sidences, de collaborations artistiques, de valorisation d\u2019archives ou pour des missions dans le domaine de l\u2019h\u00f4tellerie o\u00f9 mes comp\u00e9tences trouvent \u00e9galement leur place.<!-- [et_pb_line_break_holder] -->    <\/pee><!-- [et_pb_line_break_holder] --><!-- [et_pb_line_break_holder] -->    <pee class=\"fh-conclusion-text\"><!-- [et_pb_line_break_holder] -->      Pour toute proposition ou rencontre, vous pouvez me contacter.<!\u2013- [et_pb_br_holder] -\u2013><!-- [et_pb_line_break_holder] -->      <em>La m\u00e9moire ne vit que lorsqu\u2019elle circule.<\/em><!-- [et_pb_line_break_holder] -->    <\/pee><!-- [et_pb_line_break_holder] --><!-- [et_pb_line_break_holder] -->  <\/div><!-- [et_pb_line_break_holder] --><\/section><!-- [et_pb_line_break_holder] -->[\/et_pb_code][\/et_pb_column][\/et_pb_row][\/et_pb_section][et_pb_section fb_built=\u00a0\u00bb1&Prime; _builder_version=\u00a0\u00bb4.27.4&Prime; _module_preset=\u00a0\u00bbdefault\u00a0\u00bb global_colors_info=\u00a0\u00bb{}\u00a0\u00bb][et_pb_row _builder_version=\u00a0\u00bb4.27.4&Prime; _module_preset=\u00a0\u00bbdefault\u00a0\u00bb global_colors_info=\u00a0\u00bb{}\u00a0\u00bb][et_pb_column type=\u00a0\u00bb4_4&Prime; _builder_version=\u00a0\u00bb4.27.4&Prime; _module_preset=\u00a0\u00bbdefault\u00a0\u00bb global_colors_info=\u00a0\u00bb{}\u00a0\u00bb][et_pb_gallery gallery_ids=\u00a0\u00bb1356,1357,1353,1355,1349,1350,1348&Prime; fullwidth=\u00a0\u00bbon\u00a0\u00bb _builder_version=\u00a0\u00bb4.27.4&Prime; _module_preset=\u00a0\u00bbdefault\u00a0\u00bb text_orientation=\u00a0\u00bbjustified\u00a0\u00bb global_colors_info=\u00a0\u00bb{}\u00a0\u00bb][\/et_pb_gallery][\/et_pb_column][\/et_pb_row][\/et_pb_section]\n","protected":false},"excerpt":{"rendered":"<p>D\u00e9couvrir l\u2019art d\u2019\u00e9diter nos m\u00e9moire.Ensemble, nous donnons corps \u00e0 l\u2019h\u00e9ritage.Ensemble, nous faisons exister ce qui aurait pu dispara\u00eetre.D\u00e9couvrir l\u2019art d\u2019\u00e9diter nos m\u00e9moire.Ensemble, nous donnons corps \u00e0 l\u2019h\u00e9ritage.Ensemble, nous faisons exister ce qui aurait pu dispara\u00eetre.sD\u00e9couvrir l\u2019art d\u2019\u00e9diter nos m\u00e9moire.Ensemble, nous donnons corps \u00e0 l\u2019h\u00e9ritage.Ensemble, nous faisons exister ce qui aurait pu dispara\u00eetre.<\/p>","protected":false},"author":1,"featured_media":1435,"comment_status":"open","ping_status":"open","sticky":false,"template":"","format":"standard","meta":{"_et_pb_use_builder":"on","_et_pb_old_content":"","_et_gb_content_width":"1080","footnotes":""},"categories":[59,1],"tags":[219,218,229,225,222,214,224,216,232,228,226,231,230,227,233],"class_list":["post-1363","post","type-post","status-publish","format-standard","has-post-thumbnail","hentry","category-photographie-et-memoire-temoignage-visuel-photographie-argentique-et-souvenirs-memoire-et-image-photographie-de-voyage-souvenirs-en-photographie-heritage-visuel-art-de-vivre-en-image-photograp","category-photographie_art","tag-annees-1950","tag-archives-familiales","tag-autoconstruction-annees-50","tag-construction-maison-1950","tag-film-120","tag-film-6x9","tag-fonds-photographique-prive","tag-gelatino-bromure","tag-gelatino-bromure-dargent","tag-histoire-du-bati","tag-memoire-privee","tag-numerisation-archives","tag-patrimoine-familial","tag-photographie-argentique-6x9","tag-photographie-historique"],"_links":{"self":[{"href":"https:\/\/www.francoishardel.com\/en\/wp-json\/wp\/v2\/posts\/1363","targetHints":{"allow":["GET"]}}],"collection":[{"href":"https:\/\/www.francoishardel.com\/en\/wp-json\/wp\/v2\/posts"}],"about":[{"href":"https:\/\/www.francoishardel.com\/en\/wp-json\/wp\/v2\/types\/post"}],"author":[{"embeddable":true,"href":"https:\/\/www.francoishardel.com\/en\/wp-json\/wp\/v2\/users\/1"}],"replies":[{"embeddable":true,"href":"https:\/\/www.francoishardel.com\/en\/wp-json\/wp\/v2\/comments?post=1363"}],"version-history":[{"count":49,"href":"https:\/\/www.francoishardel.com\/en\/wp-json\/wp\/v2\/posts\/1363\/revisions"}],"predecessor-version":[{"id":2038,"href":"https:\/\/www.francoishardel.com\/en\/wp-json\/wp\/v2\/posts\/1363\/revisions\/2038"}],"wp:featuredmedia":[{"embeddable":true,"href":"https:\/\/www.francoishardel.com\/en\/wp-json\/wp\/v2\/media\/1435"}],"wp:attachment":[{"href":"https:\/\/www.francoishardel.com\/en\/wp-json\/wp\/v2\/media?parent=1363"}],"wp:term":[{"taxonomy":"category","embeddable":true,"href":"https:\/\/www.francoishardel.com\/en\/wp-json\/wp\/v2\/categories?post=1363"},{"taxonomy":"post_tag","embeddable":true,"href":"https:\/\/www.francoishardel.com\/en\/wp-json\/wp\/v2\/tags?post=1363"}],"curies":[{"name":"wp","href":"https:\/\/api.w.org\/{rel}","templated":true}]}}