{"id":1217,"date":"2025-11-05T14:18:25","date_gmt":"2025-11-05T13:18:25","guid":{"rendered":"https:\/\/www.francoishardel.com\/?p=1217"},"modified":"2026-03-19T15:50:32","modified_gmt":"2026-03-19T14:50:32","slug":"h2o-matiere-lumiere-etude-photoluminescente","status":"publish","type":"post","link":"https:\/\/www.francoishardel.com\/en\/h2o-matiere-lumiere-etude-photoluminescente\/","title":{"rendered":"\u00c9tude photoluminescente"},"content":{"rendered":"<p>[et_pb_section fb_built=\u00a0\u00bb1&Prime; _builder_version=\u00a0\u00bb4.27.4&Prime; _module_preset=\u00a0\u00bbdefault\u00a0\u00bb custom_css_free_form=\u00a0\u00bb\/* 1) Corps des articles &#038; modules Texte *\/||.et_pb_post_content p,||.et_pb_text p,||.et_pb_blurb_description,||.et_pb_toggle_content,||.et_pb_team_member_description {||  text-align: justify;||  text-justify: inter-word;||  line-height: 1.75;||  hyphens: auto;||  -webkit-hyphens: auto;||  -ms-hyphens: auto;||  orphans: 3;||  widows: 3;||}||||\/* 2) Paragraphes longs dans les listes (\u00e9vite les \u00ab trous \u00bb) *\/||.et_pb_post_content li,||.et_pb_text li {||  text-align: justify;||  text-justify: inter-word;||  hyphens: auto;||}||||\/* 3) Titres : on garde l\u2019alignement \u00e0 gauche pour le rythme *\/||.et_pb_post_content h1,||.et_pb_post_content h2,||.et_pb_post_content h3,||.et_pb_text h1,||.et_pb_text h2,||.et_pb_text h3 {||  text-align: left;||  hyphens: manual;||}||||\/* 4) L\u00e9gendes d\u2019images &#038; figures *\/||.wp-caption-text,||figcaption {||  text-align: center;||  font-style: italic;||  opacity: .9;||  line-height: 1.5;||}||||\/* 5) Petits \u00e9crans : on assouplit (meilleure lisibilit\u00e9) *\/||@media (max-width: 480px) {||  .et_pb_post_content p,||  .et_pb_text p,||  .et_pb_post_content li,||  .et_pb_text li {||    text-align: left;           \/* redevient align\u00e9 \u00e0 gauche sur mobile *\/||    hyphens: auto;||    line-height: 1.8;||  }||}||\u00a0\u00bb global_colors_info=\u00a0\u00bb{}\u00a0\u00bb][et_pb_row _builder_version=\u00a0\u00bb4.27.4&Prime; _module_preset=\u00a0\u00bbdefault\u00a0\u00bb custom_margin=\u00a0\u00bb-12px|auto||auto||\u00a0\u00bb global_colors_info=\u00a0\u00bb{}\u00a0\u00bb][et_pb_column type=\u00a0\u00bb4_4&Prime; _builder_version=\u00a0\u00bb4.27.4&Prime; _module_preset=\u00a0\u00bbdefault\u00a0\u00bb global_colors_info=\u00a0\u00bb{}\u00a0\u00bb][et_pb_code _builder_version=\u00a0\u00bb4.27.4&Prime; _module_preset=\u00a0\u00bbdefault\u00a0\u00bb text_orientation=\u00a0\u00bbcenter\u00a0\u00bb global_colors_info=\u00a0\u00bb{}\u00a0\u00bb]<\/p>\n<div class=\"fh-hero\"><!-- [et_pb_line_break_holder] -->\u00a0 <\/p>\n<h2>Mati\u00e8re et lumi\u00e8re : une observation photographique<\/h2>\n<p><!-- [et_pb_line_break_holder] --><!-- [et_pb_line_break_holder] -->\u00a0 <pee><!-- [et_pb_line_break_holder] -->\u00a0 \u00a0 Cette \u00e9tude s\u2019inscrit dans un travail de recherche autour de la <strong>r\u00e9action de la mati\u00e8re \u00e0 la lumi\u00e8re<\/strong>.<!-- [et_pb_line_break_holder] -->\u00a0 \u00a0 R\u00e9alis\u00e9e \u00e0 partir d\u2019une <strong>structure mol\u00e9culaire de l\u2019eau imprim\u00e9e en 3D<\/strong>, elle interroge la fa\u00e7on dont la lumi\u00e8re,<!-- [et_pb_line_break_holder] -->\u00a0 \u00a0 lorsqu\u2019elle devient vibration, r\u00e9v\u00e8le la densit\u00e9 cach\u00e9e du r\u00e9el.<!-- [et_pb_line_break_holder] -->\u00a0 <\/pee><!-- [et_pb_line_break_holder] --><!-- [et_pb_line_break_holder] -->\u00a0 <pee><!-- [et_pb_line_break_holder] -->\u00a0 \u00a0 L\u2019\u00e9clairage employ\u00e9 est une <strong>lumi\u00e8re OPPH<\/strong>;\u00a0 Est une lumi\u00e8re blanche micropuls\u00e9e \u00e0 haute fr\u00e9quence.<!-- [et_pb_line_break_holder] -->\u00a0 \u00a0 Ce type d\u2019\u00e9mission traverse successivement les <strong>douze f\u00e9quences de la couleur<\/strong>.<!-- [et_pb_line_break_holder] -->\u00a0 \u00a0 La mati\u00e8re, soumise \u00e0 ce flux, ne se contente pas d\u2019\u00eatre \u00e9clair\u00e9e : elle <em>r\u00e9pond<\/em>, oscille, puis m\u00e9morise la lumi\u00e8re.<!-- [et_pb_line_break_holder] -->\u00a0 <\/pee><!-- [et_pb_line_break_holder] --><\/div>\n<p><!-- [et_pb_line_break_holder] -->[\/et_pb_code][\/et_pb_column][\/et_pb_row][et_pb_row column_structure=\u00a0\u00bb1_3,1_3,1_3&Prime; _builder_version=\u00a0\u00bb4.27.4&Prime; _module_preset=\u00a0\u00bbdefault\u00a0\u00bb global_colors_info=\u00a0\u00bb{}\u00a0\u00bb][et_pb_column type=\u00a0\u00bb1_3&Prime; _builder_version=\u00a0\u00bb4.27.4&Prime; _module_preset=\u00a0\u00bbdefault\u00a0\u00bb global_colors_info=\u00a0\u00bb{}\u00a0\u00bb][et_pb_code _builder_version=\u00a0\u00bb4.27.4&Prime; _module_preset=\u00a0\u00bbdefault\u00a0\u00bb text_orientation=\u00a0\u00bbjustified\u00a0\u00bb custom_css_free_form=\u00a0\u00bb\/* 1) Corps des articles &#038; modules Texte *\/||.et_pb_post_content p,||.et_pb_text p,||.et_pb_blurb_description,||.et_pb_toggle_content,||.et_pb_team_member_description {||  text-align: justify;||  text-justify: inter-word;||  line-height: 1.75;||  hyphens: auto;||  -webkit-hyphens: auto;||  -ms-hyphens: auto;||  orphans: 3;||  widows: 3;||}||||\/* 2) Paragraphes longs dans les listes (\u00e9vite les \u00ab trous \u00bb) *\/||.et_pb_post_content li,||.et_pb_text li {||  text-align: justify;||  text-justify: inter-word;||  hyphens: auto;||}||||\/* 3) Titres : on garde l\u2019alignement \u00e0 gauche pour le rythme *\/||.et_pb_post_content h1,||.et_pb_post_content h2,||.et_pb_post_content h3,||.et_pb_text h1,||.et_pb_text h2,||.et_pb_text h3 {||  text-align: left;||  hyphens: manual;||}||||\/* 4) L\u00e9gendes d\u2019images &#038; figures *\/||.wp-caption-text,||figcaption {||  text-align: center;||  font-style: italic;||  opacity: .9;||  line-height: 1.5;||}||||\/* 5) Petits \u00e9crans : on assouplit (meilleure lisibilit\u00e9) *\/||@media (max-width: 480px) {||  .et_pb_post_content p,||  .et_pb_text p,||  .et_pb_post_content li,||  .et_pb_text li {||    text-align: left;           \/* redevient align\u00e9 \u00e0 gauche sur mobile *\/||    hyphens: auto;||    line-height: 1.8;||  }||}||\u00a0\u00bb global_colors_info=\u00a0\u00bb{}\u00a0\u00bb]<\/p>\n<div class=\"fh-partner\"><!-- [et_pb_line_break_holder] -->\u00a0 <\/p>\n<h3>Partenaire scientifique et technique<\/h3>\n<p><!-- [et_pb_line_break_holder] -->\u00a0 <pee><!-- [et_pb_line_break_holder] -->\u00a0 \u00a0 La conception et la production de la structure 3D ont \u00e9t\u00e9 r\u00e9alis\u00e9es en collaboration avec<!-- [et_pb_line_break_holder] -->\u00a0 \u00a0 <a href=\"https:\/\/www.aec-innovation.fr\/\" target=\"_blank\" rel=\"noopener noreferrer\"><strong>AEC Innovation<\/strong><\/a>,<!-- [et_pb_line_break_holder] -->\u00a0 \u00a0 soci\u00e9t\u00e9 fran\u00e7aise qui unit <strong>sciences appliqu\u00e9es, ing\u00e9nierie de la lumi\u00e8re et recherche artistique<\/strong>.<!-- [et_pb_line_break_holder] -->\u00a0 <\/pee><!-- [et_pb_line_break_holder] --><!-- [et_pb_line_break_holder] -->\u00a0 <pee><!-- [et_pb_line_break_holder] -->\u00a0 \u00a0 Depuis plus de vingt ans, <strong>AEC Innovation<\/strong> d\u00e9veloppe une approche pluridisciplinaire fond\u00e9e sur<!-- [et_pb_line_break_holder] -->\u00a0 \u00a0 l\u2019observation du vivant, l\u2019\u00e9tude des fr\u00e9quences lumineuses et la m\u00e9moire des mat\u00e9riaux.<!-- [et_pb_line_break_holder] -->\u00a0 \u00a0 Leur travail se situe dans l\u2019h\u00e9ritage du XIX\u1d49 si\u00e8cle, lorsque <em>arts et sciences dialoguaient encore<!-- [et_pb_line_break_holder] -->\u00a0 \u00a0 autour d\u2019une m\u00eame id\u00e9e de la lumi\u00e8re comme source de connaissance<\/em>.<!-- [et_pb_line_break_holder] -->\u00a0 <\/pee><!-- [et_pb_line_break_holder] --><!-- [et_pb_line_break_holder] -->\u00a0 <pee><!-- [et_pb_line_break_holder] -->\u00a0 \u00a0 Dans ce projet, leur expertise en impression 3D de pr\u00e9cision et en<!-- [et_pb_line_break_holder] -->\u00a0 \u00a0 <strong>lumi\u00e8re puls\u00e9e harmonique<\/strong> a permis de concevoir un protocole rigoureux et sensible,<!-- [et_pb_line_break_holder] -->\u00a0 \u00a0 o\u00f9 la rigueur scientifique s\u2019allie \u00e0 l\u2019intuition po\u00e9tique.<!-- [et_pb_line_break_holder] -->\u00a0 <\/pee><!-- [et_pb_line_break_holder] --><!-- [et_pb_line_break_holder] -->\u00a0 <pee><!-- [et_pb_line_break_holder] -->\u00a0 \u00a0 <a class=\"fh-button\" href=\"https:\/\/www.aec-innovation.fr\/\" target=\"_blank\" rel=\"noopener noreferrer\"><!-- [et_pb_line_break_holder] -->\u00a0 \u00a0 \u00a0 D\u00e9couvrir AEC Innovation<!-- [et_pb_line_break_holder] -->\u00a0 \u00a0 <\/a><!-- [et_pb_line_break_holder] -->\u00a0 <\/pee><!-- [et_pb_line_break_holder] --><\/div>\n<p><!-- [et_pb_line_break_holder] -->[\/et_pb_code][\/et_pb_column][et_pb_column type=\u00a0\u00bb1_3&Prime; _builder_version=\u00a0\u00bb4.27.4&Prime; _module_preset=\u00a0\u00bbdefault\u00a0\u00bb global_colors_info=\u00a0\u00bb{}\u00a0\u00bb][et_pb_gallery gallery_ids=\u00a0\u00bb1193,1192,1190,1189&Prime; gallery_orderby=\u00a0\u00bbrand\u00a0\u00bb fullwidth=\u00a0\u00bbon\u00a0\u00bb _builder_version=\u00a0\u00bb4.27.4&Prime; _module_preset=\u00a0\u00bbdefault\u00a0\u00bb text_orientation=\u00a0\u00bbjustified\u00a0\u00bb global_colors_info=\u00a0\u00bb{}\u00a0\u00bb][\/et_pb_gallery][et_pb_gallery gallery_ids=\u00a0\u00bb1185,1186,1188,1187&Prime; gallery_orderby=\u00a0\u00bbrand\u00a0\u00bb fullwidth=\u00a0\u00bbon\u00a0\u00bb _builder_version=\u00a0\u00bb4.27.4&Prime; _module_preset=\u00a0\u00bbdefault\u00a0\u00bb text_orientation=\u00a0\u00bbjustified\u00a0\u00bb global_colors_info=\u00a0\u00bb{}\u00a0\u00bb][\/et_pb_gallery][et_pb_gallery gallery_ids=\u00a0\u00bb1202,1201,1195,1186&Prime; gallery_orderby=\u00a0\u00bbrand\u00a0\u00bb fullwidth=\u00a0\u00bbon\u00a0\u00bb _builder_version=\u00a0\u00bb4.27.4&Prime; _module_preset=\u00a0\u00bbdefault\u00a0\u00bb text_orientation=\u00a0\u00bbjustified\u00a0\u00bb global_colors_info=\u00a0\u00bb{}\u00a0\u00bb][\/et_pb_gallery][\/et_pb_column][et_pb_column type=\u00a0\u00bb1_3&Prime; _builder_version=\u00a0\u00bb4.27.4&Prime; _module_preset=\u00a0\u00bbdefault\u00a0\u00bb global_colors_info=\u00a0\u00bb{}\u00a0\u00bb][et_pb_code _builder_version=\u00a0\u00bb4.27.4&Prime; _module_preset=\u00a0\u00bbdefault\u00a0\u00bb text_orientation=\u00a0\u00bbjustified\u00a0\u00bb global_colors_info=\u00a0\u00bb{}\u00a0\u00bb]<\/p>\n<div class=\"article-h2o opph\"><!-- [et_pb_line_break_holder] -->  <\/p>\n<h3>La lumi\u00e8re OPPH : r\u00e9v\u00e9ler les propri\u00e9t\u00e9s de la mati\u00e8re<\/h3>\n<p><!-- [et_pb_line_break_holder] -->  <pee><!-- [et_pb_line_break_holder] -->    La photographie a \u00e9t\u00e9 r\u00e9alis\u00e9e sous <strong>lumi\u00e8re OPPH (Polarisation Puls\u00e9e Harmonique)<\/strong>,<!-- [et_pb_line_break_holder] -->    un dispositif lumineux con\u00e7u pour \u00e9tudier la r\u00e9action des mat\u00e9riaux \u00e0 la polarisation et \u00e0 la vibration du champ lumineux.<!-- [et_pb_line_break_holder] -->    Cette lumi\u00e8re, orient\u00e9e et puls\u00e9e, permet d\u2019observer les diff\u00e9rences de densit\u00e9, de diffusion et d\u2019absorption \u00e0 travers les couches de mati\u00e8re.<!-- [et_pb_line_break_holder] -->    La photographie agit ici comme un instrument d\u2019analyse : elle enregistre les variations lumineuses \u00e0 la surface et dans la profondeur du mat\u00e9riau,<!-- [et_pb_line_break_holder] -->    transformant le studio en espace d\u2019observation optique.<!-- [et_pb_line_break_holder] -->  <\/pee><!-- [et_pb_line_break_holder] --><\/div>\n<p><!-- [et_pb_line_break_holder] -->[\/et_pb_code][et_pb_code _builder_version=\u00a0\u00bb4.27.4&Prime; _module_preset=\u00a0\u00bbdefault\u00a0\u00bb text_orientation=\u00a0\u00bbjustified\u00a0\u00bb locked=\u00a0\u00bboff\u00a0\u00bb global_colors_info=\u00a0\u00bb{}\u00a0\u00bb]<\/p>\n<div class=\"fh-hero\"><!-- [et_pb_line_break_holder] -->\u00a0 <\/p>\n<h1>H\u2082O &#8211; \u00c9tude photoluminescente<\/h1>\n<p><!-- [et_pb_line_break_holder] -->\u00a0 <\/p>\n<h2>Mati\u00e8re &#038; lumi\u00e8re : une observation photographique<\/h2>\n<p><!-- [et_pb_line_break_holder] --><!-- [et_pb_line_break_holder] -->\u00a0 <pee><!-- [et_pb_line_break_holder] -->\u00a0 \u00a0 Cette \u00e9tude explore la <strong>r\u00e9ponse de la mati\u00e8re \u00e0 la lumi\u00e8re<\/strong> \u00e0 partir d\u2019une<!-- [et_pb_line_break_holder] -->\u00a0 \u00a0 <strong>structure mol\u00e9culaire de l\u2019eau imprim\u00e9e en 3D<\/strong>.<!-- [et_pb_line_break_holder] -->\u00a0 \u00a0 Sous \u00e9clairage polaris\u00e9 (OPPH) et en conditions contr\u00f4l\u00e9es, la lumi\u00e8re n\u2019\u00e9claire pas seulement l\u2019objet :<!-- [et_pb_line_break_holder] -->\u00a0 \u00a0 elle <em>le traverse, le modifie et le r\u00e9v\u00e8le<\/em>. Chaque image est une respiration de la mati\u00e8re.<!-- [et_pb_line_break_holder] -->\u00a0 <\/pee><!-- [et_pb_line_break_holder] --><\/div>\n<p><!-- [et_pb_line_break_holder] --><!-- [et_pb_line_break_holder] -->[\/et_pb_code][\/et_pb_column][\/et_pb_row][et_pb_row _builder_version=\u00a0\u00bb4.27.6&Prime; _module_preset=\u00a0\u00bbdefault\u00a0\u00bb][et_pb_column _builder_version=\u00a0\u00bb4.27.6&Prime; _module_preset=\u00a0\u00bbdefault\u00a0\u00bb type=\u00a0\u00bb4_4&Prime;][et_pb_code _builder_version=\u00a0\u00bb4.27.4&Prime; _module_preset=\u00a0\u00bbdefault\u00a0\u00bb text_orientation=\u00a0\u00bbcenter\u00a0\u00bb width=\u00a0\u00bb100%\u00a0\u00bb max_width=\u00a0\u00bb100%\u00a0\u00bb min_height=\u00a0\u00bb100px\u00a0\u00bb custom_padding=\u00a0\u00bb0px|||||\u00a0\u00bb locked=\u00a0\u00bboff\u00a0\u00bb global_colors_info=\u00a0\u00bb{}\u00a0\u00bb]<\/p>\n<div class=\"fh-hero\"><!-- [et_pb_line_break_holder] -->\u00a0 <\/p>\n<h1>H\u2082O<\/h1>\n<p><!-- [et_pb_line_break_holder] -->\u00a0 <\/p>\n<h2 class=\"fh-sub\">\u00c9tude photoluminescente\u00a0 Mati\u00e8re &#038; lumi\u00e8re<\/h2>\n<p><!-- [et_pb_line_break_holder] --><\/div>\n<p><!-- [et_pb_line_break_holder] --><!-- [et_pb_line_break_holder] --><!-- [et_pb_line_break_holder] -->[\/et_pb_code][\/et_pb_column][\/et_pb_row][et_pb_row _builder_version=\u00a0\u00bb4.27.6&Prime; _module_preset=\u00a0\u00bbdefault\u00a0\u00bb column_structure=\u00a0\u00bb1_3,1_3,1_3&Prime;][et_pb_column _builder_version=\u00a0\u00bb4.27.6&Prime; _module_preset=\u00a0\u00bbdefault\u00a0\u00bb type=\u00a0\u00bb1_3&Prime;][et_pb_text _builder_version=\u00a0\u00bb4.27.6&Prime; _module_preset=\u00a0\u00bbdefault\u00a0\u00bb hover_enabled=\u00a0\u00bb0&Prime; sticky_enabled=\u00a0\u00bb0&Prime;]<\/p>\n<h3 style=\"box-sizing: border-box; margin: 0px; padding: 0px 0px 10px; border: 0px; outline: 0px; font-size: 20px; text-size-adjust: 100%; vertical-align: baseline; background: #ffffff; color: #000000; line-height: 1em; font-weight: 500; font-family: 'Open Sans', Arial, sans-serif; font-style: normal; font-variant-ligatures: normal; font-variant-caps: normal; letter-spacing: normal; orphans: 2; text-align: justify; text-indent: 0px; text-transform: none; widows: 2; word-spacing: 0px; -webkit-text-stroke-width: 0px; white-space: normal; text-decoration-thickness: initial; text-decoration-style: initial; text-decoration-color: initial;\">Photoluminescence : la mati\u00e8re comme cataliseur lumineux<\/h3>\n<p style=\"box-sizing: border-box; margin: 0px; padding: 0px; border: 0px; outline: 0px; font-size: 14px; text-size-adjust: 100%; vertical-align: baseline; background: #ffffff; color: #000000; font-family: 'Open Sans', Arial, sans-serif; font-style: normal; font-variant-ligatures: normal; font-variant-caps: normal; font-weight: 500; letter-spacing: normal; orphans: 2; text-align: justify; text-indent: 0px; text-transform: none; widows: 2; word-spacing: 0px; -webkit-text-stroke-width: 0px; white-space: normal; text-decoration-thickness: initial; text-decoration-style: initial; text-decoration-color: initial;\">La structure \u00e9tudi\u00e9e est constitu\u00e9e d\u2019un mat\u00e9riau photoluminescent. Sous exposition OPPH, elle capte, conserve et restitue la lumi\u00e8re avec un l\u00e9ger d\u00e9calage, r\u00e9v\u00e9lant les ph\u00e9nom\u00e8nes internes d\u2019excitation mol\u00e9culaire. Ce ph\u00e9nom\u00e8ne, purement mat\u00e9riel, donne pourtant l\u2019impression d\u2019une<strong> \u00e9nergie vitale\u00a0<\/strong> non pas celle du vivant, mais celle du mouvement intrins\u00e8que de la mati\u00e8re. La lumi\u00e8re n\u2019y figure pas la vie : elle manifeste la complexit\u00e9 du r\u00e9el, son <strong>\u00e9quilibre entre absorption et \u00e9mission<\/strong>.<\/p>\n<p>[\/et_pb_text][\/et_pb_column][et_pb_column _builder_version=\u00a0\u00bb4.27.6&Prime; _module_preset=\u00a0\u00bbdefault\u00a0\u00bb type=\u00a0\u00bb1_3&Prime;][et_pb_text _builder_version=\u00a0\u00bb4.27.6&Prime; _module_preset=\u00a0\u00bbdefault\u00a0\u00bb hover_enabled=\u00a0\u00bb0&Prime; sticky_enabled=\u00a0\u00bb0&Prime;]<\/p>\n<h3 style=\"box-sizing: border-box; margin: 0px; padding: 0px 0px 10px; border: 0px; outline: 0px; font-size: 20px; text-size-adjust: 100%; vertical-align: baseline; background: #ffffff; color: #000000; line-height: 1em; font-weight: 500; font-family: 'Open Sans', Arial, sans-serif; font-style: normal; font-variant-ligatures: normal; font-variant-caps: normal; letter-spacing: normal; orphans: 2; text-align: justify; text-indent: 0px; text-transform: none; widows: 2; word-spacing: 0px; -webkit-text-stroke-width: 0px; white-space: normal; text-decoration-thickness: initial; text-decoration-style: initial; text-decoration-color: initial;\">L\u2019eau : une mati\u00e8re du paradoxe<\/h3>\n<p style=\"box-sizing: border-box; margin: 0px; padding: 0px; border: 0px; outline: 0px; font-size: 14px; text-size-adjust: 100%; vertical-align: baseline; background: #ffffff; color: #000000; font-family: 'Open Sans', Arial, sans-serif; font-style: normal; font-variant-ligatures: normal; font-variant-caps: normal; font-weight: 500; letter-spacing: normal; orphans: 2; text-align: justify; text-indent: 0px; text-transform: none; widows: 2; word-spacing: 0px; -webkit-text-stroke-width: 0px; white-space: normal; text-decoration-thickness: initial; text-decoration-style: initial; text-decoration-color: initial;\">\u00a0Explorer l\u2019eau, c\u2019est s\u2019approcher d\u2019un paradoxe : une substance fluide et transparente, \u00a0 \u00a0 mais d\u2019une architecture invisible, complexe et changeante. \u00a0 \u00a0 \u00c0 travers cette approche, l\u2019eau n\u2019est pas \u00e9tudi\u00e9e comme une m\u00e9taphore du vivant, \u00a0 \u00a0 mais comme une<span>\u00a0<\/span><strong style=\"box-sizing: border-box; margin: 0px; padding: 0px; border: 0px; outline: 0px; font-size: 14px; text-size-adjust: 100%; vertical-align: baseline; background: transparent; font-weight: bold;\">mati\u00e8re premi\u00e8re de la perception<\/strong>, \u00a0 \u00a0 un champ d\u2019interf\u00e9rences entre densit\u00e9 et lumi\u00e8re, onde et surface. \u00a0 \u00a0 C\u2019est cette dimension que la photographie tente ici de r\u00e9v\u00e9ler\u00a0 \u00a0 \u00a0 non pas la vie de l\u2019eau, mais la vie de sa mati\u00e8re. \u00a0<\/p>\n<p>[\/et_pb_text][\/et_pb_column][et_pb_column _builder_version=\u00a0\u00bb4.27.6&Prime; _module_preset=\u00a0\u00bbdefault\u00a0\u00bb type=\u00a0\u00bb1_3&Prime;][et_pb_text _builder_version=\u00a0\u00bb4.27.6&Prime; _module_preset=\u00a0\u00bbdefault\u00a0\u00bb sticky_enabled=\u00a0\u00bb0&Prime; hover_enabled=\u00a0\u00bb0&Prime;]<\/p>\n<h3>Une recherche entre art et science<\/h3>\n<p>Cette \u00e9tude n\u2019appartient ni enti\u00e8rement \u00e0 la science ni \u00e0 l\u2019art, mais \u00e0 un espace partag\u00e9 entre les deux. Elle met en \u0153uvre des m\u00e9thodes d\u2019observation optique tout en assumant la part sensible de la repr\u00e9sentation. La photographie devient alors un outil de recherche, un <strong>m\u00e9dium d\u2019exp\u00e9rimentation<\/strong> o\u00f9 la lumi\u00e8re et la mati\u00e8re dialoguent selon leurs lois propres, hors de toute narration. L\u2019image ne cherche pas \u00e0 illustrer : elle met \u00e0 l\u2019\u00e9preuve la r\u00e9alit\u00e9 physique de l\u2019eau, cet \u00e9l\u00e9ment insaisissable qui refuse toute forme stable.<\/p>\n<p>[\/et_pb_text][\/et_pb_column][\/et_pb_row][et_pb_row _builder_version=\u00a0\u00bb4.27.4&Prime; _module_preset=\u00a0\u00bbdefault\u00a0\u00bb global_colors_info=\u00a0\u00bb{}\u00a0\u00bb][et_pb_column type=\u00a0\u00bb4_4&Prime; _builder_version=\u00a0\u00bb4.27.4&Prime; _module_preset=\u00a0\u00bbdefault\u00a0\u00bb global_colors_info=\u00a0\u00bb{}\u00a0\u00bb][et_pb_code _builder_version=\u00a0\u00bb4.27.4&Prime; _module_preset=\u00a0\u00bbdefault\u00a0\u00bb text_orientation=\u00a0\u00bbcenter\u00a0\u00bb locked=\u00a0\u00bboff\u00a0\u00bb global_colors_info=\u00a0\u00bb{}\u00a0\u00bb]<\/p>\n<div class=\"fh-hero\"><!-- [et_pb_line_break_holder] --><!-- [et_pb_line_break_holder] -->\u00a0 \u00a0 Cette \u00e9tude explore la <strong>r\u00e9ponse de la mati\u00e8re \u00e0 la lumi\u00e8re<\/strong> \u00e0 partir d\u2019une<!-- [et_pb_line_break_holder] -->\u00a0 \u00a0 <strong>structure mol\u00e9culaire de l\u2019eau imprim\u00e9e en 3D<\/strong>.<!-- [et_pb_line_break_holder] -->\u00a0 \u00a0 Sous \u00e9clairage polaris\u00e9 (OPPH) et en conditions contr\u00f4l\u00e9es, la lumi\u00e8re n\u2019\u00e9claire pas seulement l\u2019objet :<!-- [et_pb_line_break_holder] -->\u00a0 \u00a0 elle <em>le traverse, le modifie et le r\u00e9v\u00e8le<\/em>. Chaque image est une respiration de la mati\u00e8re.<!-- [et_pb_line_break_holder] -->\u00a0 <\/pee><!-- [et_pb_line_break_holder] --><\/div>\n<p><!-- [et_pb_line_break_holder] --><!-- [et_pb_line_break_holder] -->[\/et_pb_code][et_pb_cta title=\u00a0\u00bbD\u00e9couvrir AEC Innovation\u00a0\u00bb button_text=\u00a0\u00bbhttps:\/\/www.aec-innovation.fr\/\u00a0\u00bb _builder_version=\u00a0\u00bb4.27.4&Prime; _module_preset=\u00a0\u00bbdefault\u00a0\u00bb global_colors_info=\u00a0\u00bb{}\u00a0\u00bb]<\/p>\n<p><strong data-start=\"1174\" data-end=\"1213\">L\u2019eau imprim\u00e9e, la mati\u00e8re r\u00e9v\u00e9l\u00e9e.<\/strong><br data-start=\"1213\" data-end=\"1216\" \/>AEC Innovation a accompagn\u00e9 la cr\u00e9ation de cette forme mol\u00e9culaire, entre art et ing\u00e9nierie.<br data-start=\"1310\" data-end=\"1313\" \/>Ensemble, nous avons donn\u00e9 corps \u00e0 la lumi\u00e8re.<\/p>\n<p>[\/et_pb_cta][et_pb_button button_url=\u00a0\u00bbhttps:\/\/www.aec-innovation.fr\/\u00a0\u00bb button_text=\u00a0\u00bbA E C Innovation\u00a0\u00bb button_alignment=\u00a0\u00bbcenter\u00a0\u00bb _builder_version=\u00a0\u00bb4.27.4&Prime; _module_preset=\u00a0\u00bbdefault\u00a0\u00bb custom_button=\u00a0\u00bbon\u00a0\u00bb button_text_color=\u00a0\u00bb#00a4ff\u00a0\u00bb button_border_width=\u00a0\u00bb3px\u00a0\u00bb button_border_color=\u00a0\u00bb#00a4ff\u00a0\u00bb global_colors_info=\u00a0\u00bb{}\u00a0\u00bb][\/et_pb_button][\/et_pb_column][\/et_pb_row][et_pb_row _builder_version=\u00a0\u00bb4.27.4&Prime; _module_preset=\u00a0\u00bbdefault\u00a0\u00bb global_colors_info=\u00a0\u00bb{}\u00a0\u00bb][et_pb_column type=\u00a0\u00bb4_4&Prime; _builder_version=\u00a0\u00bb4.27.4&Prime; _module_preset=\u00a0\u00bbdefault\u00a0\u00bb global_colors_info=\u00a0\u00bb{}\u00a0\u00bb][et_pb_gallery gallery_ids=\u00a0\u00bb1209,1208,1198,1180,1181,1207,1203,1255&Prime; show_title_and_caption=\u00a0\u00bboff\u00a0\u00bb _builder_version=\u00a0\u00bb4.27.4&Prime; _module_preset=\u00a0\u00bbdefault\u00a0\u00bb global_colors_info=\u00a0\u00bb{}\u00a0\u00bb][\/et_pb_gallery][\/et_pb_column][\/et_pb_row][\/et_pb_section]<\/p>\n","protected":false},"excerpt":{"rendered":"<p>Photoluminescence : la mati\u00e8re comme cataliseur lumineux La structure \u00e9tudi\u00e9e est constitu\u00e9e d\u2019un mat\u00e9riau photoluminescent. Sous exposition OPPH, elle capte, conserve et restitue la lumi\u00e8re avec un l\u00e9ger d\u00e9calage, r\u00e9v\u00e9lant les ph\u00e9nom\u00e8nes internes d\u2019excitation mol\u00e9culaire. Ce ph\u00e9nom\u00e8ne, purement mat\u00e9riel, donne pourtant l\u2019impression d\u2019une \u00e9nergie vitale\u00a0 non pas celle du vivant, mais celle du mouvement intrins\u00e8que de la mati\u00e8re. La lumi\u00e8re n\u2019y figure pas la vie : elle manifeste la complexit\u00e9 du r\u00e9el, son \u00e9quilibre entre absorption et \u00e9mission.L\u2019eau : une mati\u00e8re du paradoxe \u00a0Explorer l\u2019eau, c\u2019est s\u2019approcher d\u2019un paradoxe : une substance fluide et transparente, \u00a0 \u00a0 mais d\u2019une architecture invisible, complexe et changeante. \u00a0 \u00a0 \u00c0 travers cette approche, l\u2019eau n\u2019est pas \u00e9tudi\u00e9e comme une m\u00e9taphore du vivant, \u00a0 \u00a0 mais comme une\u00a0mati\u00e8re premi\u00e8re de la perception, \u00a0 \u00a0 un champ d\u2019interf\u00e9rences entre densit\u00e9 et lumi\u00e8re, onde et surface. \u00a0 \u00a0 C\u2019est cette dimension que la photographie tente ici de r\u00e9v\u00e9ler\u00a0 \u00a0 \u00a0 non pas la vie de l\u2019eau, mais la vie de sa mati\u00e8re. \u00a0Une recherche entre art et science Cette \u00e9tude n\u2019appartient ni enti\u00e8rement \u00e0 la science ni \u00e0 l\u2019art, mais \u00e0 un espace partag\u00e9 entre les deux. Elle met en \u0153uvre des m\u00e9thodes d\u2019observation optique tout [&hellip;]<\/p>\n","protected":false},"author":1,"featured_media":1197,"comment_status":"open","ping_status":"open","sticky":false,"template":"","format":"standard","meta":{"_et_pb_use_builder":"on","_et_pb_old_content":"","_et_gb_content_width":"1080","footnotes":""},"categories":[59,64,1],"tags":[196,201,134,203,204,208,211,212,205,198,199,200,207,195,202,210,213,115,194,113,193,206,209,197],"class_list":["post-1217","post","type-post","status-publish","format-standard","has-post-thumbnail","hentry","category-photographie-et-memoire-temoignage-visuel-photographie-argentique-et-souvenirs-memoire-et-image-photographie-de-voyage-souvenirs-en-photographie-heritage-visuel-art-de-vivre-en-image-photograp","category-photographie-perpeturel-memoire","category-photographie_art","tag-3d","tag-aec","tag-art","tag-bioluminescence","tag-biophotonique","tag-diffraction","tag-diffusion","tag-dispositif-lumineux","tag-eau","tag-etude","tag-francois","tag-hardel","tag-harmonique","tag-impression","tag-innovation","tag-interference","tag-laboratoire","tag-matiere","tag-opph","tag-photographique","tag-photoluminescence","tag-polarisation","tag-refraction","tag-science"],"_links":{"self":[{"href":"https:\/\/www.francoishardel.com\/en\/wp-json\/wp\/v2\/posts\/1217","targetHints":{"allow":["GET"]}}],"collection":[{"href":"https:\/\/www.francoishardel.com\/en\/wp-json\/wp\/v2\/posts"}],"about":[{"href":"https:\/\/www.francoishardel.com\/en\/wp-json\/wp\/v2\/types\/post"}],"author":[{"embeddable":true,"href":"https:\/\/www.francoishardel.com\/en\/wp-json\/wp\/v2\/users\/1"}],"replies":[{"embeddable":true,"href":"https:\/\/www.francoishardel.com\/en\/wp-json\/wp\/v2\/comments?post=1217"}],"version-history":[{"count":53,"href":"https:\/\/www.francoishardel.com\/en\/wp-json\/wp\/v2\/posts\/1217\/revisions"}],"predecessor-version":[{"id":2045,"href":"https:\/\/www.francoishardel.com\/en\/wp-json\/wp\/v2\/posts\/1217\/revisions\/2045"}],"wp:featuredmedia":[{"embeddable":true,"href":"https:\/\/www.francoishardel.com\/en\/wp-json\/wp\/v2\/media\/1197"}],"wp:attachment":[{"href":"https:\/\/www.francoishardel.com\/en\/wp-json\/wp\/v2\/media?parent=1217"}],"wp:term":[{"taxonomy":"category","embeddable":true,"href":"https:\/\/www.francoishardel.com\/en\/wp-json\/wp\/v2\/categories?post=1217"},{"taxonomy":"post_tag","embeddable":true,"href":"https:\/\/www.francoishardel.com\/en\/wp-json\/wp\/v2\/tags?post=1217"}],"curies":[{"name":"wp","href":"https:\/\/api.w.org\/{rel}","templated":true}]}}