{"id":1132,"date":"2025-10-19T20:57:49","date_gmt":"2025-10-19T18:57:49","guid":{"rendered":"https:\/\/www.francoishardel.com\/?p=1132"},"modified":"2026-03-19T15:21:08","modified_gmt":"2026-03-19T14:21:08","slug":"atelier-argentique-lumiere","status":"publish","type":"post","link":"https:\/\/www.francoishardel.com\/en\/atelier-argentique-lumiere\/","title":{"rendered":"Argentique : l\u2019art lent de la r\u00e9v\u00e9lation"},"content":{"rendered":"<p>[et_pb_section fb_built=\u00a0\u00bb1&Prime; module_id=\u00a0\u00bb\/* &#8212; Styles de l&rsquo;article photographie argentique &#8212; *\/  .article-argentique {   font-family: &lsquo;Helvetica Neue&rsquo;, &lsquo;Open Sans&rsquo;, sans-serif;   color: #1b1b1b;   line-height: 1.7;   background-color: #faf8f5;   padding: 4rem 10%;   max-width: 1100px;   margin: auto; }  \/* Titre principal *\/ .article-argentique h1 {   font-family: &lsquo;Playfair Display&rsquo;, serif;   font-size: 2.8rem;   text-align: center;   margin-bottom: 1.5rem;   color: #1c1c1c;   letter-spacing: 0.5px; }  \/* Sous-titres *\/ .article-argentique h2 {   font-family: &lsquo;Playfair Display&rsquo;, serif;   font-size: 1.8rem;   color: #383838;   margin-top: 3rem;   border-left: 4px solid #a78b61;   padding-left: 12px; }  \/* Citations *\/ .article-argentique blockquote {   font-family: &lsquo;Georgia&rsquo;, serif;   font-style: italic;   color: #5a5a5a;   text-align: center;   margin: 2rem auto;   line-height: 1.5;   border-left: none; }  .article-argentique .quote-large {   font-size: 1.2rem;   color: #444;   margin-top: 2rem;   margin-bottom: 2rem; }  \/* Paragraphes *\/ .article-argentique p {   margin-bottom: 1.4rem; }  \/* Citations int\u00e9gr\u00e9es *\/ .article-argentique .citation {   font-style: italic;   text-align: center;   color: #7a6a56;   margin: 2rem 0; }  \/* Images et l\u00e9gendes *\/ .article-argentique figure {   margin: 2.5rem 0;   text-align: center; }  .article-argentique img {   max-width: 100%;   border-radius: 8px;   box-shadow: 0 4px 20px rgba(0,0,0,0.15);   transition: transform 0.3s ease; }  .article-argentique img:hover {   transform: scale(1.02); }  .article-argentique figcaption {   font-size: 0.9rem;   color: #6b6b6b;   margin-top: 0.5rem; }  \/* Intro et s\u00e9parateurs *\/ .article-header .intro {   text-align: center;   font-size: 1.1rem;   margin-bottom: 3rem;   color: #3a3a3a; }  .article-argentique hr {   border: none;   border-top: 1px solid #ddd;   margin: 3rem 0; }\u00a0\u00bb _builder_version=\u00a0\u00bb4.27.4&Prime; _module_preset=\u00a0\u00bbdefault\u00a0\u00bb custom_padding=\u00a0\u00bb2px|||||\u00a0\u00bb global_colors_info=\u00a0\u00bb{}\u00a0\u00bb][et_pb_row _builder_version=\u00a0\u00bb4.27.4&Prime; _module_preset=\u00a0\u00bbdefault\u00a0\u00bb custom_css_free_form=\u00a0\u00bb.intro-quote {||  font-family: &lsquo;Georgia&rsquo;, serif;||  font-style: italic;||  color: #5a5a5a;||  font-size: 1.2rem;||  border-left: 3px solid #a78b61;||  padding-left: 1rem;||  margin-bottom: 1.5rem;||}||.intro-text {||  font-size: 1.05rem;||  line-height: 1.8;||  color: #1b1b1b;||}||\u00a0\u00bb global_colors_info=\u00a0\u00bb{}\u00a0\u00bb][et_pb_column type=\u00a0\u00bb4_4&Prime; _builder_version=\u00a0\u00bb4.27.4&Prime; _module_preset=\u00a0\u00bbdefault\u00a0\u00bb global_colors_info=\u00a0\u00bb{}\u00a0\u00bb][et_pb_code _builder_version=\u00a0\u00bb4.27.4&Prime; _module_preset=\u00a0\u00bbdefault\u00a0\u00bb text_orientation=\u00a0\u00bbjustified\u00a0\u00bb global_colors_info=\u00a0\u00bb{}\u00a0\u00bb]<\/p>\n<div class=\"article-argentique\"><!-- [et_pb_line_break_holder] --><!-- [et_pb_line_break_holder] -->  <\/p>\n<header class=\"article-header\"><!-- [et_pb_line_break_holder] -->    <\/p>\n<h1>De la lumi\u00e8re \u00e0 l\u2019image : d\u00e9couvrir, exp\u00e9rimenter, r\u00e9v\u00e9ler<\/h1>\n<p><!-- [et_pb_line_break_holder] -->    <\/p>\n<blockquote><p><!-- [et_pb_line_break_holder] -->      <pee>\u00ab Photographier, c\u2019est \u00e9crire avec la lumi\u00e8re,<!\u2013- [et_pb_br_holder] -\u2013><!-- [et_pb_line_break_holder] -->      mais aussi avec le temps et le silence. \u00bb<\/pee><!-- [et_pb_line_break_holder] -->    <\/p><\/blockquote>\n<p><!-- [et_pb_line_break_holder] -->    <pee class=\"intro\"><!-- [et_pb_line_break_holder] -->      La photographie argentique n\u2019est pas une nostalgie du pass\u00e9, c\u2019est une \u00e9cole du regard.<!\u2013- [et_pb_br_holder] -\u2013> Dans mes ateliers, chacun est invit\u00e9 \u00e0 vivre l\u2019exp\u00e9rience de la lumi\u00e8re : la comprendre, la manipuler, la r\u00e9v\u00e9ler.<!\u2013- [et_pb_br_holder] -\u2013><!-- [et_pb_line_break_holder] -->      Ces moments d\u2019apprentissage sont ouverts \u00e0 tous curieux, amateurs, r\u00eaveurs ou passionn\u00e9s pour red\u00e9couvrir la lenteur, la mat\u00e9rialit\u00e9 et la g\u00e9n\u00e9rosit\u00e9 du m\u00e9dium photographique.<!-- [et_pb_line_break_holder] -->    <\/pee><!-- [et_pb_line_break_holder] -->  <\/header>\n<p><!-- [et_pb_line_break_holder] --><!-- [et_pb_line_break_holder] --><!-- [et_pb_line_break_holder] --><\/div>\n<p><!-- [et_pb_line_break_holder] -->[\/et_pb_code][\/et_pb_column][\/et_pb_row][et_pb_row column_structure=\u00a0\u00bb1_4,1_4,1_4,1_4&Prime; _builder_version=\u00a0\u00bb4.27.4&Prime; _module_preset=\u00a0\u00bbdefault\u00a0\u00bb global_colors_info=\u00a0\u00bb{}\u00a0\u00bb][et_pb_column type=\u00a0\u00bb1_4&Prime; _builder_version=\u00a0\u00bb4.27.4&Prime; _module_preset=\u00a0\u00bbdefault\u00a0\u00bb global_colors_info=\u00a0\u00bb{}\u00a0\u00bb][et_pb_image src=\u00a0\u00bbhttps:\/\/www.francoishardel.com\/wp-content\/uploads\/2025\/10\/vue-labo-photo.png\u00a0\u00bb title_text=\u00a0\u00bbvue labo photo\u00a0\u00bb _builder_version=\u00a0\u00bb4.27.4&Prime; _module_preset=\u00a0\u00bbdefault\u00a0\u00bb border_radii=\u00a0\u00bbon|20px|20px|20px|20px\u00a0\u00bb border_width_all=\u00a0\u00bb5px\u00a0\u00bb global_colors_info=\u00a0\u00bb{}\u00a0\u00bb][\/et_pb_image][et_pb_code _builder_version=\u00a0\u00bb4.27.6&Prime; _module_preset=\u00a0\u00bbdefault\u00a0\u00bb hover_enabled=\u00a0\u00bb0&Prime; global_colors_info=\u00a0\u00bb{}\u00a0\u00bb text_orientation=\u00a0\u00bbjustified\u00a0\u00bb sticky_enabled=\u00a0\u00bb0&Prime;]<\/p>\n<section><!-- [et_pb_line_break_holder] -->    <\/p>\n<h2>L\u2019initiation\u00a0 apprivoiser la lumi\u00e8re<\/h2>\n<p><!-- [et_pb_line_break_holder] -->    <pee><!-- [et_pb_line_break_holder] -->      Avant l\u2019appareil, il y a la lumi\u00e8re.<!\u2013- [et_pb_br_holder] -\u2013><!-- [et_pb_line_break_holder] -->      Avant la technique, il y a le regard.<!\u2013- [et_pb_br_holder] -\u2013><!-- [et_pb_line_break_holder] -->      L\u2019initiation commence par le <strong>photogramme<\/strong>, une image sans objectif, <!-- [et_pb_line_break_holder] -->      o\u00f9 la lumi\u00e8re inscrit directement la trace des objets sur le papier photosensible.<!\u2013- [et_pb_br_holder] -\u2013><!-- [et_pb_line_break_holder] -->      Sous la lueur rouge du laboratoire, chacun d\u00e9couvre la magie de la r\u00e9v\u00e9lation :<!-- [et_pb_line_break_holder] -->      l\u2019image na\u00eet lentement, comme un souvenir qui se dessine.<!-- [et_pb_line_break_holder] -->    <\/pee><!-- [et_pb_line_break_holder] -->    <pee class=\"citation\">Ici, la main guide la lumi\u00e8re, et la lumi\u00e8re devient trace.<\/pee><!-- [et_pb_line_break_holder] -->    <\/p>\n<figure><!-- [et_pb_line_break_holder] -->      <img decoding=\"async\" src=\"photogrammes-suspendus.jpg\" alt=\"Photogrammes suspendus dans la lumi\u00e8re rouge du laboratoire\"><!-- [et_pb_line_break_holder] --><figcaption>Vue de photogrammes suspendus ou d\u00e9tail d\u2019\u00e9preuve apparaissant dans le r\u00e9v\u00e9lateur.<\/figcaption><!-- [et_pb_line_break_holder] -->    <\/figure>\n<p><!-- [et_pb_line_break_holder] -->  <\/section>\n<p><!-- [et_pb_line_break_holder] --><!-- [et_pb_line_break_holder] --><!-- [et_pb_line_break_holder] --><!-- [et_pb_line_break_holder] -->[\/et_pb_code][\/et_pb_column][et_pb_column type=\u00a0\u00bb1_4&Prime; _builder_version=\u00a0\u00bb4.27.4&Prime; _module_preset=\u00a0\u00bbdefault\u00a0\u00bb global_colors_info=\u00a0\u00bb{}\u00a0\u00bb][et_pb_image src=\u00a0\u00bbhttps:\/\/www.francoishardel.com\/wp-content\/uploads\/2025\/10\/IMG_20251018_144030-1.jpg\u00a0\u00bb alt=\u00a0\u00bbPhotogrammes suspendus dans la lumi\u00e8re rouge du laboratoire argentique, en cours de s\u00e9chage.\u00a0\u00bb title_text=\u00a0\u00bbSous la lumi\u00e8re rouge\u00a0\u00bb _builder_version=\u00a0\u00bb4.27.4&Prime; _module_preset=\u00a0\u00bbdefault\u00a0\u00bb border_radii=\u00a0\u00bbon|20px|20px|20px|20px\u00a0\u00bb border_width_all=\u00a0\u00bb6px\u00a0\u00bb global_colors_info=\u00a0\u00bb{}\u00a0\u00bb][\/et_pb_image][et_pb_code _builder_version=\u00a0\u00bb4.27.4&Prime; _module_preset=\u00a0\u00bbdefault\u00a0\u00bb global_colors_info=\u00a0\u00bb{}\u00a0\u00bb text_orientation=\u00a0\u00bbjustified\u00a0\u00bb]    <\/p>\n<h2>La pratique\u00a0 comprendre la mati\u00e8re<\/h2>\n<p><!-- [et_pb_line_break_holder] -->    <pee><!-- [et_pb_line_break_holder] -->      La seconde \u00e9tape est celle de la rencontre avec la <strong>mati\u00e8re photographique<\/strong> : <!-- [et_pb_line_break_holder] -->      le film, le r\u00e9v\u00e9lateur, la chimie du noir et blanc.<!\u2013- [et_pb_br_holder] -\u2013><!-- [et_pb_line_break_holder] -->      Les participants apprennent \u00e0 cadrer, mesurer la lumi\u00e8re, d\u00e9velopper et tirer leurs propres images.<!\u2013- [et_pb_br_holder] -\u2013><!-- [et_pb_line_break_holder] -->      Chaque \u00e9tape devient un dialogue entre science et sensibilit\u00e9.<!-- [et_pb_line_break_holder] -->    <\/pee><!-- [et_pb_line_break_holder] -->    <pee><!-- [et_pb_line_break_holder] -->      La photographie argentique enseigne la <strong>patience<\/strong> et la <strong>justesse du geste<\/strong> :<!-- [et_pb_line_break_holder] -->      attendre le bon instant, ajuster l\u2019exposition, observer la lumi\u00e8re avant de d\u00e9clencher.<!\u2013- [et_pb_br_holder] -\u2013><!-- [et_pb_line_break_holder] -->      C\u2019est une pratique qui invite \u00e0 ralentir, \u00e0 contempler, \u00e0 faire de chaque image une pr\u00e9sence.<!-- [et_pb_line_break_holder] -->    <\/pee><!-- [et_pb_line_break_holder] -->    <\/p>\n<figure><!-- [et_pb_line_break_holder] -->      <img decoding=\"async\" src=\"tirage-labo-rouge.jpg\" alt=\"Table de tirage \u00e9clair\u00e9e par la lumi\u00e8re rouge du laboratoire\"><!-- [et_pb_line_break_holder] --><figcaption>Un participant manipulant une pellicule ou une table de tirage \u00e9clair\u00e9e en rouge.<\/figcaption><!-- [et_pb_line_break_holder] -->    <\/figure>\n<p><!-- [et_pb_line_break_holder] -->  <\/section>\n<p><!-- [et_pb_line_break_holder] --><!-- [et_pb_line_break_holder] --><!-- [et_pb_line_break_holder] -->[\/et_pb_code][\/et_pb_column][et_pb_column type=\u00a0\u00bb1_4&Prime; _builder_version=\u00a0\u00bb4.27.4&Prime; _module_preset=\u00a0\u00bbdefault\u00a0\u00bb global_colors_info=\u00a0\u00bb{}\u00a0\u00bb][et_pb_image src=\u00a0\u00bbhttps:\/\/www.francoishardel.com\/wp-content\/uploads\/2025\/10\/IMG_20251018_120223_2.web_.jpg\u00a0\u00bb title_text=\u00a0\u00bbIMG_20251018_120223_2.web\u00a0\u00bb _builder_version=\u00a0\u00bb4.27.4&Prime; _module_preset=\u00a0\u00bbdefault\u00a0\u00bb border_radii=\u00a0\u00bbon|20px|20px|20px|20px\u00a0\u00bb border_width_all=\u00a0\u00bb5px\u00a0\u00bb global_colors_info=\u00a0\u00bb{}\u00a0\u00bb][\/et_pb_image][et_pb_code _builder_version=\u00a0\u00bb4.27.4&Prime; _module_preset=\u00a0\u00bbdefault\u00a0\u00bb global_colors_info=\u00a0\u00bb{}\u00a0\u00bb text_orientation=\u00a0\u00bbjustified\u00a0\u00bb]<\/p>\n<section><!-- [et_pb_line_break_holder] -->    <\/p>\n<h2>La ma\u00eetrise\u00a0 cr\u00e9er son propre regard<\/h2>\n<p><!-- [et_pb_line_break_holder] -->    <pee><!-- [et_pb_line_break_holder] -->      Atteindre la ma\u00eetrise, ce n\u2019est pas dominer la technique,<!-- [et_pb_line_break_holder] -->      c\u2019est <strong>trouver sa propre coh\u00e9rence avec la lumi\u00e8re<\/strong>.<!\u2013- [et_pb_br_holder] -\u2013><!-- [et_pb_line_break_holder] -->      Chaque stagiaire d\u00e9couvre qu\u2019il peut \u00eatre cr\u00e9ateur : non par imitation, mais par attention.<!\u2013- [et_pb_br_holder] -\u2013><!-- [et_pb_line_break_holder] -->      La ma\u00eetrise s\u2019acquiert dans la simplicit\u00e9 des gestes, dans la r\u00e9gularit\u00e9 du travail, <!-- [et_pb_line_break_holder] -->      et dans la joie de voir l\u2019image prendre forme.<!-- [et_pb_line_break_holder] -->    <\/pee><!-- [et_pb_line_break_holder] -->    <\/p>\n<blockquote class=\"quote-large\"><p><!-- [et_pb_line_break_holder] -->      <pee>On n\u2019apprend pas seulement \u00e0 photographier :<!\u2013- [et_pb_br_holder] -\u2013><!-- [et_pb_line_break_holder] -->      on apprend \u00e0 voir, \u00e0 ressentir, \u00e0 respirer la lumi\u00e8re.<\/pee><!-- [et_pb_line_break_holder] -->    <\/p><\/blockquote>\n<p><!-- [et_pb_line_break_holder] -->    <\/p>\n<figure><!-- [et_pb_line_break_holder] -->      <img decoding=\"async\" src=\"agrandisseur-penombre.jpg\" alt=\"Agrandisseur allum\u00e9 dans la p\u00e9nombre du laboratoire\"><!-- [et_pb_line_break_holder] --><figcaption>Portrait d\u2019un participant concentr\u00e9 sur le cadrage, ou agrandisseur allum\u00e9 dans la p\u00e9nombre.<\/figcaption><!-- [et_pb_line_break_holder] -->    <\/figure>\n<p><!-- [et_pb_line_break_holder] -->  <\/section>\n<p><!-- [et_pb_line_break_holder] --><!-- [et_pb_line_break_holder] -->[\/et_pb_code][\/et_pb_column][et_pb_column type=\u00a0\u00bb1_4&Prime; _builder_version=\u00a0\u00bb4.27.4&Prime; _module_preset=\u00a0\u00bbdefault\u00a0\u00bb global_colors_info=\u00a0\u00bb{}\u00a0\u00bb][et_pb_image src=\u00a0\u00bbhttps:\/\/www.francoishardel.com\/wp-content\/uploads\/2025\/10\/IMG_20251018_120223.web_.jpg\u00a0\u00bb title_text=\u00a0\u00bbIMG_20251018_120223.web\u00a0\u00bb _builder_version=\u00a0\u00bb4.27.4&Prime; _module_preset=\u00a0\u00bbdefault\u00a0\u00bb border_radii=\u00a0\u00bbon|20px|20px|20px|20px\u00a0\u00bb border_width_all=\u00a0\u00bb5px\u00a0\u00bb global_colors_info=\u00a0\u00bb{}\u00a0\u00bb][\/et_pb_image][et_pb_code _builder_version=\u00a0\u00bb4.27.4&Prime; _module_preset=\u00a0\u00bbdefault\u00a0\u00bb global_colors_info=\u00a0\u00bb{}\u00a0\u00bb text_orientation=\u00a0\u00bbjustified\u00a0\u00bb]<\/p>\n<section><!-- [et_pb_line_break_holder] -->    <\/p>\n<h2>La g\u00e9n\u00e9rosit\u00e9 du m\u00e9dium <\/h2>\n<p><!-- [et_pb_line_break_holder] -->    <pee><!-- [et_pb_line_break_holder] -->      Ces ateliers sont avant tout des <strong>espaces de partage et de bienveillance<\/strong>.<!\u2013- [et_pb_br_holder] -\u2013><!-- [et_pb_line_break_holder] -->      Chacun y avance \u00e0 son rythme, selon son regard et sa sensibilit\u00e9.<!\u2013- [et_pb_br_holder] -\u2013><!-- [et_pb_line_break_holder] -->      La pratique devient collective : on \u00e9change, on s\u2019\u00e9merveille, on apprend ensemble.<!\u2013- [et_pb_br_holder] -\u2013><!-- [et_pb_line_break_holder] -->      La photographie argentique, dans sa lenteur et sa densit\u00e9, enseigne la <strong>g\u00e9n\u00e9rosit\u00e9 du geste<\/strong>.<!\u2013- [et_pb_br_holder] -\u2013><!-- [et_pb_line_break_holder] -->      Elle rappelle que toute image, avant d\u2019\u00eatre un objet, est une trace d\u2019attention port\u00e9e au monde.<!-- [et_pb_line_break_holder] -->    <\/pee><!-- [et_pb_line_break_holder] -->    <\/p>\n<figure><!-- [et_pb_line_break_holder] -->      <img decoding=\"async\" src=\"mur-de-tirages.jpg\" alt=\"Mur de tirages finalis\u00e9s dans l'atelier\"><!-- [et_pb_line_break_holder] --><figcaption>Sc\u00e8ne d\u2019\u00e9change entre participants, ou mur de tirages finalis\u00e9s.<\/figcaption><!-- [et_pb_line_break_holder] -->    <\/figure>\n<p><!-- [et_pb_line_break_holder] -->  <\/section>\n<p><!-- [et_pb_line_break_holder] -->[\/et_pb_code][\/et_pb_column][\/et_pb_row][et_pb_row _builder_version=\u00a0\u00bb4.27.4&Prime; _module_preset=\u00a0\u00bbdefault\u00a0\u00bb hover_enabled=\u00a0\u00bb0&Prime; global_colors_info=\u00a0\u00bb{}\u00a0\u00bb sticky_enabled=\u00a0\u00bb0&Prime;][et_pb_column type=\u00a0\u00bb4_4&Prime; _builder_version=\u00a0\u00bb4.27.4&Prime; _module_preset=\u00a0\u00bbdefault\u00a0\u00bb global_colors_info=\u00a0\u00bb{}\u00a0\u00bb][et_pb_gallery gallery_ids=\u00a0\u00bb1161,1160,1158,1168&Prime; gallery_orderby=\u00a0\u00bbrand\u00a0\u00bb _builder_version=\u00a0\u00bb4.27.6&Prime; _module_preset=\u00a0\u00bbdefault\u00a0\u00bb title_text_align=\u00a0\u00bbcenter\u00a0\u00bb caption_font=\u00a0\u00bb&#8211;et_global_body_font||||||||\u00a0\u00bb caption_text_align=\u00a0\u00bbjustify\u00a0\u00bb hover_enabled=\u00a0\u00bb0&Prime; border_radii=\u00a0\u00bboff||||\u00a0\u00bb global_colors_info=\u00a0\u00bb{}\u00a0\u00bb sticky_enabled=\u00a0\u00bb0&Prime; text_orientation=\u00a0\u00bbjustified\u00a0\u00bb][\/et_pb_gallery][\/et_pb_column][\/et_pb_row][\/et_pb_section]<\/p>\n","protected":false},"excerpt":{"rendered":"","protected":false},"author":1,"featured_media":1144,"comment_status":"closed","ping_status":"closed","sticky":false,"template":"","format":"standard","meta":{"_et_pb_use_builder":"on","_et_pb_old_content":"","_et_gb_content_width":"1080","footnotes":""},"categories":[9,64,1],"tags":[191],"class_list":["post-1132","post","type-post","status-publish","format-standard","has-post-thumbnail","hentry","category-sivlerprint","category-photographie-perpeturel-memoire","category-photographie_art","tag-chambre-noire-developpement-film-papier-photo-sensible-fomapan-agrandisseur-chimie-photographique-film-120"],"_links":{"self":[{"href":"https:\/\/www.francoishardel.com\/en\/wp-json\/wp\/v2\/posts\/1132","targetHints":{"allow":["GET"]}}],"collection":[{"href":"https:\/\/www.francoishardel.com\/en\/wp-json\/wp\/v2\/posts"}],"about":[{"href":"https:\/\/www.francoishardel.com\/en\/wp-json\/wp\/v2\/types\/post"}],"author":[{"embeddable":true,"href":"https:\/\/www.francoishardel.com\/en\/wp-json\/wp\/v2\/users\/1"}],"replies":[{"embeddable":true,"href":"https:\/\/www.francoishardel.com\/en\/wp-json\/wp\/v2\/comments?post=1132"}],"version-history":[{"count":31,"href":"https:\/\/www.francoishardel.com\/en\/wp-json\/wp\/v2\/posts\/1132\/revisions"}],"predecessor-version":[{"id":2035,"href":"https:\/\/www.francoishardel.com\/en\/wp-json\/wp\/v2\/posts\/1132\/revisions\/2035"}],"wp:featuredmedia":[{"embeddable":true,"href":"https:\/\/www.francoishardel.com\/en\/wp-json\/wp\/v2\/media\/1144"}],"wp:attachment":[{"href":"https:\/\/www.francoishardel.com\/en\/wp-json\/wp\/v2\/media?parent=1132"}],"wp:term":[{"taxonomy":"category","embeddable":true,"href":"https:\/\/www.francoishardel.com\/en\/wp-json\/wp\/v2\/categories?post=1132"},{"taxonomy":"post_tag","embeddable":true,"href":"https:\/\/www.francoishardel.com\/en\/wp-json\/wp\/v2\/tags?post=1132"}],"curies":[{"name":"wp","href":"https:\/\/api.w.org\/{rel}","templated":true}]}}