{"id":1037,"date":"2026-03-19T15:11:05","date_gmt":"2026-03-19T14:11:05","guid":{"rendered":"https:\/\/www.francoishardel.com\/?p=1037"},"modified":"2026-03-19T15:13:51","modified_gmt":"2026-03-19T14:13:51","slug":"negatif-9x12-archeologie-locale-marcel-baudouin","status":"publish","type":"post","link":"https:\/\/www.francoishardel.com\/en\/negatif-9x12-archeologie-locale-marcel-baudouin\/","title":{"rendered":"Le n\u00e9gatif 9 \u00d7 12 dans l\u2019arch\u00e9ologie locale, l\u2019\u0153uvre de Marcel Baudouin"},"content":{"rendered":"\n[et_pb_section fb_built=\u00a0\u00bb1&Prime; _builder_version=\u00a0\u00bb4.27.4&Prime; _module_preset=\u00a0\u00bbdefault\u00a0\u00bb global_colors_info=\u00a0\u00bb{}\u00a0\u00bb][et_pb_row _builder_version=\u00a0\u00bb4.27.4&Prime; _module_preset=\u00a0\u00bbdefault\u00a0\u00bb global_colors_info=\u00a0\u00bb{}\u00a0\u00bb][et_pb_column type=\u00a0\u00bb4_4&Prime; _builder_version=\u00a0\u00bb4.27.4&Prime; _module_preset=\u00a0\u00bbdefault\u00a0\u00bb global_colors_info=\u00a0\u00bb{}\u00a0\u00bb][et_pb_code _builder_version=\u00a0\u00bb4.27.4&Prime; _module_preset=\u00a0\u00bbdefault\u00a0\u00bb global_colors_info=\u00a0\u00bb{}\u00a0\u00bb]<div class=\"article-baudouin\"><!-- [et_pb_line_break_holder] -->  <h2>Le n\u00e9gatif 9 \u00d7 12 dans l\u2019arch\u00e9ologie locale \u2014 l\u2019\u0153uvre de Marcel Baudouin<\/h2><!-- [et_pb_line_break_holder] -->  <pee><em>Ce troisi\u00e8me article met en lumi\u00e8re un format photographique essentiel de la fin du XIX\u1d49 et d\u00e9but du XX\u1d49 si\u00e8cle&#8230;<\/em><\/pee><!-- [et_pb_line_break_holder] --><!-- [et_pb_line_break_holder] -->  <h3>Qui est Marcel Baudouin ?<\/h3><!-- [et_pb_line_break_holder] -->  <pee><strong>\u00c9tat civil :<\/strong> Edmond Fid\u00e8le Marcelin Baudouin, n\u00e9 le 15 novembre 1860&#8230;<\/pee><!-- [et_pb_line_break_holder] --><!-- [et_pb_line_break_holder] -->  <h3>O\u00f9 consulter ces plaques ?<\/h3><!-- [et_pb_line_break_holder] -->  <ul><!-- [et_pb_line_break_holder] -->    <li>Mus\u00e9e de l\u2019Abbaye Sainte-Croix (Les Sables-d\u2019Olonne)<\/li><!-- [et_pb_line_break_holder] -->    <li>Archives municipales des Sables-d\u2019Olonne<\/li><!-- [et_pb_line_break_holder] -->    <li>Inventaire public disponible via FranceArchives<\/li><!-- [et_pb_line_break_holder] -->  <\/ul><!-- [et_pb_line_break_holder] --><!-- [et_pb_line_break_holder] -->  <h3>Trois images exemplaires du fonds<\/h3><!-- [et_pb_line_break_holder] --><!-- [et_pb_line_break_holder] -->  <figure><!-- [et_pb_line_break_holder] -->    <img decoding=\"async\" src=\"URL-de-ton-image.jpg\" alt=\"Dolmen de Pierre Lev\u00e9e \u00e0 Bazoges-en-Pareds (Vend\u00e9e)\" \/><!-- [et_pb_line_break_holder] -->    <figcaption>Dolmen de Pierre Lev\u00e9e \u00e0 Bazoges-en-Pareds \u2014 int\u00e9rieur annot\u00e9, regard m\u00e9thodique de Baudouin (plaque 9 \u00d7 12 cm).<\/figcaption><!-- [et_pb_line_break_holder] -->  <\/figure><!-- [et_pb_line_break_holder] --><!-- [et_pb_line_break_holder] -->  <figure><!-- [et_pb_line_break_holder] -->    <img decoding=\"async\" src=\"URL-de-ton-image2.jpg\" alt=\"Marcel Baudouin adulte, pr\u00e9sentant son mus\u00e9e d\u2019arch\u00e9ologie\" \/><!-- [et_pb_line_break_holder] -->    <figcaption>Marcel Baudouin adulte, devant son mus\u00e9e d\u2019arch\u00e9ologie \u00e0 Saint-Gilles-Croix-de-Vie (plaque 9 \u00d7 12 cm).<\/figcaption><!-- [et_pb_line_break_holder] -->  <\/figure><!-- [et_pb_line_break_holder] --><!-- [et_pb_line_break_holder] -->  <figure><!-- [et_pb_line_break_holder] -->    <img decoding=\"async\" src=\"URL-de-ton-image3.jpg\" alt=\"Portrait de Marcel Baudouin enfant, 1867\" \/><!-- [et_pb_line_break_holder] -->    <figcaption>Portrait de Marcel Baudouin enfant (1867), souvenir intime (plaque 9 \u00d7 12 cm).<\/figcaption><!-- [et_pb_line_break_holder] -->  <\/figure><!-- [et_pb_line_break_holder] --><!-- [et_pb_line_break_holder] -->  <h3>Bibliographie<\/h3><!-- [et_pb_line_break_holder] -->  <ul><!-- [et_pb_line_break_holder] -->    <li><em>Marcel Baudouin : l\u2019Atlantidien<\/em>, Mus\u00e9e de l\u2019Abbaye Sainte-Croix, 2007.<\/li><!-- [et_pb_line_break_holder] -->    <li>\u201cLes cupules de la table du dolmen de la Court du Breuil (Vend\u00e9e)\u201d, 1916.<\/li><!-- [et_pb_line_break_holder] -->    <li>\u201cLe Menhir de La Tonnelle\u201d, 1915.<\/li><!-- [et_pb_line_break_holder] -->  <\/ul><!-- [et_pb_line_break_holder] --><!-- [et_pb_line_break_holder] -->  <h3>Conclusion<\/h3><!-- [et_pb_line_break_holder] -->  <pee>Le format 9 \u00d7 12 cm, en n\u00e9gatif sur plaque de verre, devient sous la main de Baudouin un v\u00e9ritable outil-m\u00e9moire&#8230;<\/pee><!-- [et_pb_line_break_holder] --><\/div><!-- [et_pb_line_break_holder] -->[\/et_pb_code][\/et_pb_column][\/et_pb_row][\/et_pb_section]\n","protected":false},"excerpt":{"rendered":"","protected":false},"author":1,"featured_media":1555,"comment_status":"open","ping_status":"open","sticky":false,"template":"","format":"standard","meta":{"_et_pb_use_builder":"on","_et_pb_old_content":"","_et_gb_content_width":"","footnotes":""},"categories":[1],"tags":[183,184,182,181],"class_list":["post-1037","post","type-post","status-publish","format-standard","has-post-thumbnail","hentry","category-photographie_art","tag-marcel-baudouin","tag-patrimoine-vendeen","tag-photographie-archeologique","tag-plaques-de-verre"],"_links":{"self":[{"href":"https:\/\/www.francoishardel.com\/en\/wp-json\/wp\/v2\/posts\/1037","targetHints":{"allow":["GET"]}}],"collection":[{"href":"https:\/\/www.francoishardel.com\/en\/wp-json\/wp\/v2\/posts"}],"about":[{"href":"https:\/\/www.francoishardel.com\/en\/wp-json\/wp\/v2\/types\/post"}],"author":[{"embeddable":true,"href":"https:\/\/www.francoishardel.com\/en\/wp-json\/wp\/v2\/users\/1"}],"replies":[{"embeddable":true,"href":"https:\/\/www.francoishardel.com\/en\/wp-json\/wp\/v2\/comments?post=1037"}],"version-history":[{"count":6,"href":"https:\/\/www.francoishardel.com\/en\/wp-json\/wp\/v2\/posts\/1037\/revisions"}],"predecessor-version":[{"id":2027,"href":"https:\/\/www.francoishardel.com\/en\/wp-json\/wp\/v2\/posts\/1037\/revisions\/2027"}],"wp:featuredmedia":[{"embeddable":true,"href":"https:\/\/www.francoishardel.com\/en\/wp-json\/wp\/v2\/media\/1555"}],"wp:attachment":[{"href":"https:\/\/www.francoishardel.com\/en\/wp-json\/wp\/v2\/media?parent=1037"}],"wp:term":[{"taxonomy":"category","embeddable":true,"href":"https:\/\/www.francoishardel.com\/en\/wp-json\/wp\/v2\/categories?post=1037"},{"taxonomy":"post_tag","embeddable":true,"href":"https:\/\/www.francoishardel.com\/en\/wp-json\/wp\/v2\/tags?post=1037"}],"curies":[{"name":"wp","href":"https:\/\/api.w.org\/{rel}","templated":true}]}}